{"id":1467,"date":"2019-08-06T08:05:23","date_gmt":"2019-08-06T06:05:23","guid":{"rendered":"https:\/\/dikoweb.de\/main\/?p=1467"},"modified":"2024-12-18T23:33:18","modified_gmt":"2024-12-18T23:33:18","slug":"der-kreidefresser","status":"publish","type":"post","link":"https:\/\/dikoweb.de\/?p=1467","title":{"rendered":"Trump, der Kreidefresser"},"content":{"rendered":"\n<p class=\"wp-block-paragraph\">Anderes f\u00e4llt mir dazu nicht ein. Ein Pr\u00e4sident, der durch seine Reden und Tweets&nbsp; den Weg f\u00fcr Hassverbrechen ebnet, erkl\u00e4rt nun, es m\u00fcssen &#8222;<em>diese finsteren Ideologien [&#8230;] besiegt werden. Hass hat keinen Platz in Amerika.<\/em>&#8222;<\/p>\n\n\n\n<blockquote class=\"wp-block-quote is-layout-flow wp-block-quote-is-layout-flow\">\n<p class=\"wp-block-paragraph\">Unglaublich, aber wahr: Immer wieder beschw\u00f6rt Donald Trump die Gefahr einer \u201eInvasion\u201c aus Mittel- und S\u00fcdamerika. Pauschal beschimpft er Mexikaner als \u201eVergewaltiger\u201c. Politikerinnen der Demokraten \u00fcberzieht er mit einer offen rassistischen Kampagne. Und dann dieser Satz, mit dem er auf die Massaker von El Paso und Dayton reagiert: \u201eHass hat in unserem Land keinen Platz.\u201c Man fasst sich an den Kopf.<\/p>\n\n\n\n<p class=\"wp-block-paragraph\">Nat\u00fcrlich ist Trump nicht direkt verantwortlich f\u00fcr die neuen Blutb\u00e4der. \u00c4hnliche Taten hat es in den USA auch schon vor seiner Amtszeit gegeben. Indirekt aber tr\u00e4gt der Pr\u00e4sident mit seiner verantwortungslosen Rhetorik massiv bei zu einem Klima von Hass und Menschenverachtung. Offen und skrupellos befeuert er nationalistische \u00dcberfremdungs\u00e4ngste. Die laxen Waffengesetze tun ein \u00dcbriges, die USA zu einem Brennpunkt der Gewalt zu machen.<\/p>\n<\/blockquote>\n\n\n\n<p class=\"wp-block-paragraph\"><a href=\"https:\/\/www.noz.de\/deutschland-welt\/politik\/artikel\/1831143\/die-wut-auf-trump-waechst-zu-recht\" target=\"_blank\" rel=\"noopener noreferrer\"><span style=\"font-size: 12pt;\">Auszug aus dem Kommentar von Uwe Westd\u00f6rp, Redakteuer der Neuen Osnabr\u00fccker Zeitung<\/span><\/a><\/p>\n\n\n\n<p class=\"wp-block-paragraph\">Dass Trump mit dazu beigetragen hat, den Hass zu sch\u00fcren, davon ist der mexikanische Historiker Lorenzo Meyer \u00fcberzeugt: &#8222;<em>Trump ist Rassist&#8220;, sagte Meyer am Montagmorgen im Radioprogramm der prominenten mexikanischen Journalistin Carmen Aristegui. &#8222;Er hat den Hass auf die Mexikaner angeheizt&#8220;. <\/em>[<a href=\"https:\/\/www.spiegel.de\/politik\/ausland\/el-paso-mexiko-will-umarmungen-keine-schiessereien-a-1280604.html\" target=\"_blank\" rel=\"noreferrer noopener\">Quelle<\/a>]<\/p>\n\n\n\n<p class=\"wp-block-paragraph\">Verwunderlich bleibt die Reaktion der mexikanischen Regierung auf das Attentat von El Paso, die sich mit Kritik am amerikanischen Pr\u00e4sidenten sehr zur\u00fcck h\u00e4lt. <em>&#8222;Sie vergessen den Diskurs des antimexikanischen Hasses und seinen wichtigsten Verk\u00fcnder<\/em>&#8222;, kritisierte der ehemalige mexikanische Au\u00dfenminister Jorge G. Casta\u00f1eda. [<a href=\"https:\/\/www.spiegel.de\/politik\/ausland\/el-paso-mexiko-will-umarmungen-keine-schiessereien-a-1280604.html\" target=\"_blank\" rel=\"noreferrer noopener\">Quelle<\/a>]<\/p>\n\n\n\n<p class=\"wp-block-paragraph\">&nbsp;<\/p>\n","protected":false},"excerpt":{"rendered":"<p>Anderes f\u00e4llt mir dazu nicht ein. Ein Pr\u00e4sident, der durch seine Reden und Tweets&nbsp; den Weg f\u00fcr Hassverbrechen ebnet, erkl\u00e4rt nun, es m\u00fcssen &#8222;diese finsteren Ideologien [&#8230;] besiegt werden. Hass hat keinen Platz in Amerika.&#8222; Unglaublich, aber wahr: Immer wieder beschw\u00f6rt Donald Trump die Gefahr einer \u201eInvasion\u201c aus Mittel- und S\u00fcdamerika. Pauschal beschimpft er Mexikaner [&hellip;]<\/p>\n","protected":false},"author":2,"featured_media":0,"comment_status":"closed","ping_status":"closed","sticky":false,"template":"","format":"standard","meta":{"_crdt_document":"","footnotes":""},"categories":[5],"tags":[237,7,236],"class_list":["post-1467","post","type-post","status-publish","format-standard","hentry","category-politik","tag-rassismus","tag-trump","tag-usa"],"_links":{"self":[{"href":"https:\/\/dikoweb.de\/index.php?rest_route=\/wp\/v2\/posts\/1467","targetHints":{"allow":["GET"]}}],"collection":[{"href":"https:\/\/dikoweb.de\/index.php?rest_route=\/wp\/v2\/posts"}],"about":[{"href":"https:\/\/dikoweb.de\/index.php?rest_route=\/wp\/v2\/types\/post"}],"author":[{"embeddable":true,"href":"https:\/\/dikoweb.de\/index.php?rest_route=\/wp\/v2\/users\/2"}],"replies":[{"embeddable":true,"href":"https:\/\/dikoweb.de\/index.php?rest_route=%2Fwp%2Fv2%2Fcomments&post=1467"}],"version-history":[{"count":2,"href":"https:\/\/dikoweb.de\/index.php?rest_route=\/wp\/v2\/posts\/1467\/revisions"}],"predecessor-version":[{"id":4060,"href":"https:\/\/dikoweb.de\/index.php?rest_route=\/wp\/v2\/posts\/1467\/revisions\/4060"}],"wp:attachment":[{"href":"https:\/\/dikoweb.de\/index.php?rest_route=%2Fwp%2Fv2%2Fmedia&parent=1467"}],"wp:term":[{"taxonomy":"category","embeddable":true,"href":"https:\/\/dikoweb.de\/index.php?rest_route=%2Fwp%2Fv2%2Fcategories&post=1467"},{"taxonomy":"post_tag","embeddable":true,"href":"https:\/\/dikoweb.de\/index.php?rest_route=%2Fwp%2Fv2%2Ftags&post=1467"}],"curies":[{"name":"wp","href":"https:\/\/api.w.org\/{rel}","templated":true}]}}