{"id":1603,"date":"2020-03-04T07:56:34","date_gmt":"2020-03-04T06:56:34","guid":{"rendered":"https:\/\/dikoweb.de\/main\/?p=1603"},"modified":"2024-12-21T16:02:45","modified_gmt":"2024-12-21T16:02:45","slug":"studie-erschreckend-viele-waehler-der-afd-teilen-verschwoerungsmentalitaet-und-antidemokratische-einstellungen","status":"publish","type":"post","link":"https:\/\/dikoweb.de\/?p=1603","title":{"rendered":"Studie: &#8222;Erschreckend viele W\u00e4hler der AfD teilen Verschw\u00f6rungsmentalit\u00e4t und antidemokratische Einstellungen&#8220;"},"content":{"rendered":"<h5 class=\"subheader\">Susann Huster <em>Stabsstelle Universit\u00e4tskommunikation\/Medienredaktion<\/em><br \/>\n<a href=\"https:\/\/idw-online.de\/de\/institution232\">Universit\u00e4t Leipzig<\/a><\/h5>\n<p><em> Rechtsextremismus, Gewaltbereitschaft, Antisemitismus, Muslimfeindlichkeit und Verschw\u00f6rungsmentalit\u00e4t &#8211; W\u00e4hler der AfD zeigen in allen Bereichen antidemokratischer Einstellungen deutlich h\u00f6here Zustimmungswerte als die Anh\u00e4nger anderer Parteien. Das geht aus einer am (heutigen) Dienstag (25. Februar 2020) ver\u00f6ffentlichten, repr\u00e4sentativen Studie des Kompetenzzentrums f\u00fcr Rechtsextremismus- und Demokratieforschung der Universit\u00e4t Leipzig hervor. <\/em><\/p>\n<p>Im Rahmen der Leipziger Autoritarismus-Studien befragten die Forscher von Mai bis Juli 2018 insgesamt 2.344 Personen im Alter zwischen 18 und 91 Jahren zu ihren politischen Einstellungen. Sie fanden unter anderem heraus, dass bei W\u00e4hlern der AfD ein h\u00f6herer tradierter Antisemitismus zu finden ist. Zudem seien in keiner anderen W\u00e4hlergruppe rechtsextreme Einstellungen und Muslimfeindschaft weiter verbreitet als unter den W\u00e4hlern dieser Partei, sagt der Leiter der Studie, PD Dr. Oliver Decker.<\/p>\n<p>Aus den Ergebnissen lasse sich ableiten, dass ein Gro\u00dfteil der Anh\u00e4nger die AfD nicht trotz, sondern wegen ihrer antidemokratischen Positionen w\u00e4hle, erg\u00e4nzt die an der Studie beteiligte Wissenschaftlerin Julia Schuler. Jene Bundesb\u00fcrger, die zwar schon lange extrem rechte Einstellungen teilten &#8211; sei es Chauvinismus, Bef\u00fcrwortung einer Diktatur, Antisemitismus oder Ausl\u00e4nderfeindlichkeit &#8211; aber bis 2014 SPD oder CDU w\u00e4hlten, stimmten jetzt f\u00fcr eine Partei, die eine Programmatik entsprechend ihrer Einstellung umsetzt. Sie h\u00e4tten in der AfD eine politische Heimat gefunden, so Decker. \u201eVor dem Hintergrund der Ereignisse der letzten Monate ist diese klare Positionierung gegen den demokratischen Zusammenhalt mit Sorge zu betrachten\u201c, betont der Rechtsextremismusforscher. Die Ermordung des hessischen Politikers Walter L\u00fcbcke, das Attentat auf die Synagoge in Halle und die anschlie\u00dfenden Morde, wie auch der j\u00fcngste rassistische Terroranschlag in Hanau mit zehn Ermordeten seien durch dieselbe rechtsextreme Ideologie der Ungleichwertigkeit motiviert gewesen.<\/p>\n<p>Konkret fanden die Forscher heraus, dass AfD-Anh\u00e4nger nicht nur mehrheitlich chauvinistischen und ausl\u00e4nderfeindlichen Aussagen zustimmten, sondern viele von ihnen auch eine rechtsautorit\u00e4re Diktatur bevorzugten und Demokratie ablehnten. Die Wissenschaftler, unter ihnen auch ein Forscher der Universit\u00e4t Siegen, bescheinigten ihnen zudem ein hohes Ma\u00df an Antisemitismus, Sozialdarwinismus sowie einen \u201eausgepr\u00e4gten Hang zur Verharmlosung des Nationalsozialismus\u201c. 80,6 Prozent der AfD-W\u00e4hler h\u00e4tten angegeben, sich durch \u201edie vielen Muslime\u201c fremd im eigenen Land zu f\u00fchlen. Mehr als 70 Prozent finden, Muslimen sollte die Zuwanderung nach Deutschland untersagt werden. Ein Gro\u00dfteil stellte triftige Asylgr\u00fcnde wie Verfolgung im Heimatland infrage.<\/p>\n<p>Zudem war der Umfrage zufolge jeder f\u00fcnfte AfD-Anh\u00e4nger bereit zur Anwendung k\u00f6rperlicher Gewalt, um eigene Interessen durchzusetzen. Mehr als die H\u00e4lfte der AfD-W\u00e4hler findet Ressentiments gegen Juden mindestens teilweise verst\u00e4ndlich. \u201eBei keiner anderen Partei nutzen die Anh\u00e4nger so offen die M\u00f6glichkeit, ihren Antisemitismus zu \u00e4u\u00dfern\u201c, erl\u00e4utert der ebenfalls an der Auswertung beteiligte Soziologe Dr. Johannes Kiess von der Universit\u00e4t Siegen. \u00dcber ein Drittel der AfD-W\u00e4hler bef\u00fcrchteten, dass hinter politischen und sozialen Ereignissen in der Welt geheime Organisationen mit gro\u00dfem Einfluss stecken. Decker betont, dass &#8222;erschreckend viele W\u00e4hler der AfD diese Verschw\u00f6rungsmentalit\u00e4t und antidemokratische Einstellungen teilen&#8220;.<\/p>\n<p>&#8222;Dass diese Motive in einigen Teilen der Bev\u00f6lkerung geteilt werden, diese eine parlamentarische Repr\u00e4sentanz haben und damit auch als legitim erfahren werden, macht das Risiko weiterer rassistischer Terroranschl\u00e4ge gro\u00df\u201c, warnt Decker. Er und seine Kollegen sehen die Vertreter der AfD in der Verantwortung, sich sowohl inhaltlich, als auch in der Rhetorik f\u00fcr den demokratischen Zusammenhalt in einer pluralen und liberalen Demokratie einzusetzen.<\/p>\n<hr \/>\n<h5>Wissenschaftliche Ansprechpartner:<\/h5>\n<p>PD Dr. Oliver Decker<br \/>\nKompetenzzentrum f\u00fcr Rechtsextremismus- und Demokratieforschung der Universit\u00e4t Leipzig<br \/>\nTelefon: +49 341-9715441<br \/>\nE-Mail: oliver.decker@uni-leipzig.de<\/p>\n<p>Johannes Kiess<br \/>\nUniversit\u00e4t Siegen, Seminar f\u00fcr Sozialwissenschaften<br \/>\nTelefon: +49 271 740-2750<br \/>\nE-Mail: kiess@soziologie.uni-siegen.de<\/p>\n<p>Julia Schuler<br \/>\nKompetenzzentrum f\u00fcr Rechtsextremismus- und Demokratieforschung<br \/>\nE-Mail: julia.schuler@medizin.uni-leipzig.de<\/p>\n<p>Prof. Dr. Elmar Br\u00e4hler<br \/>\nKompetenzzentrum f\u00fcr Rechtsextremismus- und Demokratieforschung der Universit\u00e4t Leipzig<br \/>\nE-Mail: elmar.braehler@medizin.uni-leipzig.de<\/p>\n<hr \/>\n<h5>Weitere Informationen:<\/h5>\n<p><a href=\"http:\/\/www.kredo.uni-leipzig.de\">http:\/\/www.kredo.uni-leipzig.de<\/a><br \/>\n<a href=\"http:\/\/home.uni-leipzig.de\/decker\/wahlpraeferenz.pdf\">http:\/\/home.uni-leipzig.de\/decker\/wahlpraeferenz.pdf<\/a><\/p>\n","protected":false},"excerpt":{"rendered":"<p>Susann Huster Stabsstelle Universit\u00e4tskommunikation\/Medienredaktion Universit\u00e4t Leipzig Rechtsextremismus, Gewaltbereitschaft, Antisemitismus, Muslimfeindlichkeit und Verschw\u00f6rungsmentalit\u00e4t &#8211; W\u00e4hler der AfD zeigen in allen Bereichen antidemokratischer Einstellungen deutlich h\u00f6here Zustimmungswerte als die Anh\u00e4nger anderer Parteien. Das geht aus einer am (heutigen) Dienstag (25. Februar 2020) ver\u00f6ffentlichten, repr\u00e4sentativen Studie des Kompetenzzentrums f\u00fcr Rechtsextremismus- und Demokratieforschung der Universit\u00e4t Leipzig hervor. Im Rahmen [&hellip;]<\/p>\n","protected":false},"author":2,"featured_media":0,"comment_status":"closed","ping_status":"open","sticky":false,"template":"","format":"standard","meta":{"_crdt_document":"","footnotes":""},"categories":[5,11,206],"tags":[67,266,265],"class_list":["post-1603","post","type-post","status-publish","format-standard","hentry","category-politik","category-studien","category-wissenschaft","tag-afd","tag-antisemitismus","tag-politik"],"_links":{"self":[{"href":"https:\/\/dikoweb.de\/index.php?rest_route=\/wp\/v2\/posts\/1603","targetHints":{"allow":["GET"]}}],"collection":[{"href":"https:\/\/dikoweb.de\/index.php?rest_route=\/wp\/v2\/posts"}],"about":[{"href":"https:\/\/dikoweb.de\/index.php?rest_route=\/wp\/v2\/types\/post"}],"author":[{"embeddable":true,"href":"https:\/\/dikoweb.de\/index.php?rest_route=\/wp\/v2\/users\/2"}],"replies":[{"embeddable":true,"href":"https:\/\/dikoweb.de\/index.php?rest_route=%2Fwp%2Fv2%2Fcomments&post=1603"}],"version-history":[{"count":1,"href":"https:\/\/dikoweb.de\/index.php?rest_route=\/wp\/v2\/posts\/1603\/revisions"}],"predecessor-version":[{"id":4105,"href":"https:\/\/dikoweb.de\/index.php?rest_route=\/wp\/v2\/posts\/1603\/revisions\/4105"}],"wp:attachment":[{"href":"https:\/\/dikoweb.de\/index.php?rest_route=%2Fwp%2Fv2%2Fmedia&parent=1603"}],"wp:term":[{"taxonomy":"category","embeddable":true,"href":"https:\/\/dikoweb.de\/index.php?rest_route=%2Fwp%2Fv2%2Fcategories&post=1603"},{"taxonomy":"post_tag","embeddable":true,"href":"https:\/\/dikoweb.de\/index.php?rest_route=%2Fwp%2Fv2%2Ftags&post=1603"}],"curies":[{"name":"wp","href":"https:\/\/api.w.org\/{rel}","templated":true}]}}