{"id":1774,"date":"2021-03-09T15:57:12","date_gmt":"2021-03-09T14:57:12","guid":{"rendered":"https:\/\/dikoweb.de\/main\/?p=1774"},"modified":"2024-12-12T16:48:25","modified_gmt":"2024-12-12T16:48:25","slug":"neue-studie-ueber-afd-waehler","status":"publish","type":"post","link":"https:\/\/dikoweb.de\/?p=1774","title":{"rendered":"Neue Studie \u00fcber AFD-W\u00e4hler"},"content":{"rendered":"<div class=\"wp-block-image\">\n<figure class=\"alignleft size-full is-resized\"><img loading=\"lazy\" decoding=\"async\" width=\"300\" height=\"198\" src=\"https:\/\/dikoweb.de\/wp-content\/uploads\/2021\/03\/afd_br-300x198-1.jpg\" alt=\"\" class=\"wp-image-3865\" style=\"width:253px;height:auto\"\/><\/figure>\n<\/div>\n\n\n<p class=\"c-headline o-dreifaltigkeit__headline rf-o-headline wp-block-paragraph\">Nach einer <a href=\"https:\/\/www.bertelsmann-stiftung.de\/fileadmin\/files\/BSt\/Publikationen\/GrauePublikationen\/ZD_Einwurf_1_2021.pdf\" target=\"_blank\" rel=\"noopener\">neuen Studie der Bertelsmann-Stiftung<\/a> sind 29 Prozent der AfD-W\u00e4hler rechtsextrem eingestellt.<\/p>\n\n\n\n<p class=\"wp-block-paragraph\"><\/p>\n\n\n\n<blockquote class=\"wp-block-quote is-layout-flow wp-block-quote-is-layout-flow\">\n<p class=\"wp-block-paragraph\">Knapp acht Prozent aller Wahlberechtigten in Deutschland vertreten ein geschlossen rechtsextremes Weltbild. Der Anteil manifest rechtsextremer Einstel-lungen bleibt damit auch im langfristigen Vergleich eher gering. Neu ist aber seine starke parteipolitische Konzentration in der AfD. Der Anteil der W\u00e4hler:innen mit einem geschlossen rechtsextremen Weltbild ist in der AfD fast viermal so hoch wie im Durchschnitt aller Wahlberechtigten. Fast jede:r dritte AfD-W\u00e4hler:in (29 Prozent) ist manifest rechtsextrem eingestellt. Ein weiteres Viertel (27 Prozent) vertritt latent rechtsextreme Einstellungen. Insgesamt sind damit deutlich mehr als die H\u00e4lfte aller AfD-W\u00e4hler:innen (56 Prozent) latent oder manifest rechtsextrem eingestellt.<\/p>\n<\/blockquote>\n\n\n\n<p class=\"wp-block-paragraph\">Knapp 15% aller AfD-W\u00e4hler*innen bef\u00fcrworten eine rechtsgerichtete Diktatur. Fazit der Studie:<\/p>\n\n\n\n<blockquote class=\"wp-block-quote is-layout-flow wp-block-quote-is-layout-flow\">\n<p class=\"wp-block-paragraph\">Aus der rechts-populistischen Mobilisierungsbewegung der Bundestagswahl 2017 ist vor der Bundestagswahl 2021 eine mehrheitlich von latent oder manifest rechtsextremenEinstellungen gepr\u00e4gte W\u00e4hlerpartei geworden.<\/p>\n<\/blockquote>\n\n\n\n<p class=\"wp-block-paragraph\"><span class=\"body\" role=\"main\">Zwar hat ein Viertel der AFD-W\u00e4hler*innen ein geschlossen rechtsextremes Weltbild. Dabei geben 44 % der AfD-Sympathisant*innen an, nicht latent rechtsextrem zu denken. Der TAZ-Korrespondent Stefan Reinecke meint, &#8222;<a href=\"https:\/\/taz.de\/Bertelsmann-Studie-zur-AfD\/!5744919\/\" target=\"_blank\" rel=\"noopener\"><em>die demokratischen Parteien haben also die Chance, das B\u00fcndnis von Konservativen und Protestw\u00e4hlerInnen mit Rechtsextremen, das die AfD im Kern ausmacht, aufzul\u00f6sen. Das wird schwierig. Aber die Studie zeigt: Es w\u00e4re m\u00f6glich.<\/em><\/a>&#8220; <\/span><\/p>\n\n\n\n<p class=\"wp-block-paragraph\"><span class=\"body\" role=\"main\">&nbsp;<\/span><\/p>\n","protected":false},"excerpt":{"rendered":"<p>Nach einer neuen Studie der Bertelsmann-Stiftung sind 29 Prozent der AfD-W\u00e4hler rechtsextrem eingestellt. Knapp acht Prozent aller Wahlberechtigten in Deutschland vertreten ein geschlossen rechtsextremes Weltbild. Der Anteil manifest rechtsextremer Einstel-lungen bleibt damit auch im langfristigen Vergleich eher gering. Neu ist aber seine starke parteipolitische Konzentration in der AfD. Der Anteil der W\u00e4hler:innen mit einem geschlossen [&hellip;]<\/p>\n","protected":false},"author":2,"featured_media":0,"comment_status":"closed","ping_status":"open","sticky":false,"template":"","format":"standard","meta":{"_crdt_document":"","footnotes":""},"categories":[5,11],"tags":[67,146,145],"class_list":["post-1774","post","type-post","status-publish","format-standard","hentry","category-politik","category-studien","tag-afd","tag-populismus","tag-rechts"],"_links":{"self":[{"href":"https:\/\/dikoweb.de\/index.php?rest_route=\/wp\/v2\/posts\/1774","targetHints":{"allow":["GET"]}}],"collection":[{"href":"https:\/\/dikoweb.de\/index.php?rest_route=\/wp\/v2\/posts"}],"about":[{"href":"https:\/\/dikoweb.de\/index.php?rest_route=\/wp\/v2\/types\/post"}],"author":[{"embeddable":true,"href":"https:\/\/dikoweb.de\/index.php?rest_route=\/wp\/v2\/users\/2"}],"replies":[{"embeddable":true,"href":"https:\/\/dikoweb.de\/index.php?rest_route=%2Fwp%2Fv2%2Fcomments&post=1774"}],"version-history":[{"count":2,"href":"https:\/\/dikoweb.de\/index.php?rest_route=\/wp\/v2\/posts\/1774\/revisions"}],"predecessor-version":[{"id":3868,"href":"https:\/\/dikoweb.de\/index.php?rest_route=\/wp\/v2\/posts\/1774\/revisions\/3868"}],"wp:attachment":[{"href":"https:\/\/dikoweb.de\/index.php?rest_route=%2Fwp%2Fv2%2Fmedia&parent=1774"}],"wp:term":[{"taxonomy":"category","embeddable":true,"href":"https:\/\/dikoweb.de\/index.php?rest_route=%2Fwp%2Fv2%2Fcategories&post=1774"},{"taxonomy":"post_tag","embeddable":true,"href":"https:\/\/dikoweb.de\/index.php?rest_route=%2Fwp%2Fv2%2Ftags&post=1774"}],"curies":[{"name":"wp","href":"https:\/\/api.w.org\/{rel}","templated":true}]}}