{"id":1955,"date":"2022-11-21T23:43:20","date_gmt":"2022-11-21T22:43:20","guid":{"rendered":"https:\/\/dikoweb.de\/main\/?p=1955"},"modified":"2024-12-12T15:52:48","modified_gmt":"2024-12-12T15:52:48","slug":"helge-lien-trio-kultur-im-esel-e-v","status":"publish","type":"post","link":"https:\/\/dikoweb.de\/?p=1955","title":{"rendered":"Helge Lien Trio &#8211; Kultur im Esel e.V"},"content":{"rendered":"\n<figure class=\"wp-block-image size-large\"><img loading=\"lazy\" decoding=\"async\" width=\"1024\" height=\"498\" src=\"https:\/\/dikoweb.de\/wp-content\/uploads\/2022\/11\/20221119_212121-1-1024x498.jpg\" alt=\"\" class=\"wp-image-3821\" srcset=\"https:\/\/dikoweb.de\/wp-content\/uploads\/2022\/11\/20221119_212121-1-1024x498.jpg 1024w, https:\/\/dikoweb.de\/wp-content\/uploads\/2022\/11\/20221119_212121-1-300x146.jpg 300w, https:\/\/dikoweb.de\/wp-content\/uploads\/2022\/11\/20221119_212121-1-768x373.jpg 768w, https:\/\/dikoweb.de\/wp-content\/uploads\/2022\/11\/20221119_212121-1-1536x747.jpg 1536w, https:\/\/dikoweb.de\/wp-content\/uploads\/2022\/11\/20221119_212121-1-2048x996.jpg 2048w, https:\/\/dikoweb.de\/wp-content\/uploads\/2022\/11\/20221119_212121-1-900x438.jpg 900w, https:\/\/dikoweb.de\/wp-content\/uploads\/2022\/11\/20221119_212121-1-1280x622.jpg 1280w\" sizes=\"auto, (max-width: 1024px) 100vw, 1024px\" \/><figcaption class=\"wp-element-caption\">Foto: Zappa:Lott<\/figcaption><\/figure>\n\n\n<p>Eine nette Location, ein engagierter Verein, der Kultur ins Dorf holt und damit schon seit Jahren sehr erfolgreich arbeitet.<\/p>\n<p>Am Samstag, den 19.11.22 war das Helge Lien Trio seit 10 Jahren wieder mal zu Gast im &#8222;Esel&#8220; in S\u00fclbeck. Und alle die gekommen waren, haben ein tolles Konzert erlebt, das gef\u00fchlt viel zu schnell vor\u00fcber war.<\/p>\n<p>Das Trio war in absoluter Spiellaune. Pianist Helge Lien, der im Zusammensspiel mit dem Bassisten Johannes Eick und Knut Aalefj\u00e6r am Schlagzeug ein breites Spektrum melancholischer wie auch berauschender Kl\u00e4nge zelebrierte, bewies mal wieder, das dieses Trio eine mitrei\u00dfende Anziehungskraft entfalten kann.<\/p>\n<p>Hervorzuheben ist auch der tolle Sound, f\u00fcr den Ingo Rau am Mischpult verantwortlich war. Hoffentlich dauert es nicht wieder zehn Jahre bis das Trio zur\u00fcck kommt&#8230;<\/p>\n<pre>\u00bbHelge Lien zelebriert einzig die Kraft der \u00e4sthetischen Vollkommenheit.\u00ab \u2013 JAZZTHING<\/pre>\n<p><iframe loading=\"lazy\" title=\"Helge Lien Trio - Liten Jazzballong REVISITED\" src=\"https:\/\/www.youtube.com\/embed\/mbSw5JMnLeg\" width=\"1280\" height=\"720\" frameborder=\"0\" allowfullscreen=\"allowfullscreen\"><\/iframe><\/p>\n<p>Website &gt;&gt; <a href=\"https:\/\/kultur-im-esel.de\/\" target=\"_blank\" rel=\"noopener\">Kultur im Esel<\/a><\/p>","protected":false},"excerpt":{"rendered":"<p>Eine nette Location, ein engagierter Verein, der Kultur ins Dorf holt und damit schon seit Jahren sehr erfolgreich arbeitet. Am Samstag, den 19.11.22 war das Helge Lien Trio seit 10 Jahren wieder mal zu Gast im &#8222;Esel&#8220; in S\u00fclbeck. Und alle die gekommen waren, haben ein tolles Konzert erlebt, das gef\u00fchlt viel zu schnell vor\u00fcber [&hellip;]<\/p>\n","protected":false},"author":2,"featured_media":0,"comment_status":"closed","ping_status":"open","sticky":false,"template":"","format":"standard","meta":{"_crdt_document":"","footnotes":""},"categories":[4],"tags":[47,150,149],"class_list":["post-1955","post","type-post","status-publish","format-standard","hentry","category-musik","tag-jazz","tag-konzert","tag-kultur-im-esel"],"_links":{"self":[{"href":"https:\/\/dikoweb.de\/index.php?rest_route=\/wp\/v2\/posts\/1955","targetHints":{"allow":["GET"]}}],"collection":[{"href":"https:\/\/dikoweb.de\/index.php?rest_route=\/wp\/v2\/posts"}],"about":[{"href":"https:\/\/dikoweb.de\/index.php?rest_route=\/wp\/v2\/types\/post"}],"author":[{"embeddable":true,"href":"https:\/\/dikoweb.de\/index.php?rest_route=\/wp\/v2\/users\/2"}],"replies":[{"embeddable":true,"href":"https:\/\/dikoweb.de\/index.php?rest_route=%2Fwp%2Fv2%2Fcomments&post=1955"}],"version-history":[{"count":1,"href":"https:\/\/dikoweb.de\/index.php?rest_route=\/wp\/v2\/posts\/1955\/revisions"}],"predecessor-version":[{"id":3823,"href":"https:\/\/dikoweb.de\/index.php?rest_route=\/wp\/v2\/posts\/1955\/revisions\/3823"}],"wp:attachment":[{"href":"https:\/\/dikoweb.de\/index.php?rest_route=%2Fwp%2Fv2%2Fmedia&parent=1955"}],"wp:term":[{"taxonomy":"category","embeddable":true,"href":"https:\/\/dikoweb.de\/index.php?rest_route=%2Fwp%2Fv2%2Fcategories&post=1955"},{"taxonomy":"post_tag","embeddable":true,"href":"https:\/\/dikoweb.de\/index.php?rest_route=%2Fwp%2Fv2%2Ftags&post=1955"}],"curies":[{"name":"wp","href":"https:\/\/api.w.org\/{rel}","templated":true}]}}