{"id":2025,"date":"2022-11-24T15:02:32","date_gmt":"2022-11-24T14:02:32","guid":{"rendered":"https:\/\/dikoweb.de\/main\/?p=2025"},"modified":"2024-12-12T15:43:53","modified_gmt":"2024-12-12T15:43:53","slug":"corona-und-rechtspopulismus","status":"publish","type":"post","link":"https:\/\/dikoweb.de\/?p=2025","title":{"rendered":"Corona und Rechtspopulismus"},"content":{"rendered":"<div class=\"wp-block-image\">\n<figure class=\"alignleft size-full is-resized\"><img loading=\"lazy\" decoding=\"async\" width=\"177\" height=\"250\" src=\"https:\/\/dikoweb.de\/wp-content\/uploads\/2022\/11\/csm_Deckblatt_Jahresstudie_2021_177x250-1.jpg\" alt=\"\" class=\"wp-image-3809\" style=\"width:204px;height:auto\"\/><\/figure>\n<\/div>\n\n\n<p class=\"wp-block-paragraph\">Krisenzeiten sind die Stunde der Populisten. So konnten rechtspopulistische Parteien ihr Alleinstellungsmerkmal auch w\u00e4hrend der Pandemie noch einmal verst\u00e4rken. Zu diesem Ergebnis kommt die Jahresstudie 2021 des Mercator Forum Migration und Demokratie (MIDEM) <a href=\"https:\/\/forum-midem.de\/cms\/data\/fm\/user_upload\/Publikationen\/TUD_MIDEM_Jahresstudie2021_RZ_online.pdf\">Corona und Rechtspopulismus<\/a>. Durch eine Analyse der offiziellen Facebook-Kan\u00e4le rechtspopulistischer Parteien in Europa zeigt diese Studie, dass Corona ein wichtiges Mobilisierungsthema ist und zur Erschlie\u00dfung populistischer W\u00e4hlerschichten genutzt wird.<\/p>\n\n\n\n<p class=\"wp-block-paragraph\">Zwar sprechen Rechtspopulisten das Thema Corona meist nicht h\u00e4ufiger an als andere Parteien, doch die Art der Kommunikation hebt sich von der anderer Parteien deutlich ab. So sind staatliche Ma\u00dfnahmen zur Pandemiebek\u00e4mpfung zu einer Projektionsfl\u00e4che f\u00fcr polemisch und emotional aufgeladene Regierungskritik geworden. Eine Ausnahme stellen rechtspopulistische Parteien dar, die an der Regierung sind: Sie waren w\u00e4hrend der Pandemie vor allem darauf bedacht, das Thema Corona zu entpolitisieren. Die MIDEM Jahresstudie 2021 bietet Einblicke und Hintergrundanalysen zur Social Media-Kommunikation rechtspopulistischer Parteien in 12 europ\u00e4ischen L\u00e4ndern.<\/p>\n\n\n\n<p class=\"wp-block-paragraph\">Quelle: <a href=\"https:\/\/forum-midem.de\/publikationen\/\" target=\"_blank\" rel=\"noopener\">Forum MIDEM<\/a><\/p>\n","protected":false},"excerpt":{"rendered":"<p>Krisenzeiten sind die Stunde der Populisten. So konnten rechtspopulistische Parteien ihr Alleinstellungsmerkmal auch w\u00e4hrend der Pandemie noch einmal verst\u00e4rken. Zu diesem Ergebnis kommt die Jahresstudie 2021 des Mercator Forum Migration und Demokratie (MIDEM) Corona und Rechtspopulismus. Durch eine Analyse der offiziellen Facebook-Kan\u00e4le rechtspopulistischer Parteien in Europa zeigt diese Studie, dass Corona ein wichtiges Mobilisierungsthema ist [&hellip;]<\/p>\n","protected":false},"author":2,"featured_media":0,"comment_status":"closed","ping_status":"open","sticky":false,"template":"","format":"standard","meta":{"_crdt_document":"","footnotes":""},"categories":[6,5,11],"tags":[144,146,145,107],"class_list":["post-2025","post","type-post","status-publish","format-standard","hentry","category-literatur","category-politik","category-studien","tag-corona","tag-populismus","tag-rechts","tag-studie"],"_links":{"self":[{"href":"https:\/\/dikoweb.de\/index.php?rest_route=\/wp\/v2\/posts\/2025","targetHints":{"allow":["GET"]}}],"collection":[{"href":"https:\/\/dikoweb.de\/index.php?rest_route=\/wp\/v2\/posts"}],"about":[{"href":"https:\/\/dikoweb.de\/index.php?rest_route=\/wp\/v2\/types\/post"}],"author":[{"embeddable":true,"href":"https:\/\/dikoweb.de\/index.php?rest_route=\/wp\/v2\/users\/2"}],"replies":[{"embeddable":true,"href":"https:\/\/dikoweb.de\/index.php?rest_route=%2Fwp%2Fv2%2Fcomments&post=2025"}],"version-history":[{"count":1,"href":"https:\/\/dikoweb.de\/index.php?rest_route=\/wp\/v2\/posts\/2025\/revisions"}],"predecessor-version":[{"id":3811,"href":"https:\/\/dikoweb.de\/index.php?rest_route=\/wp\/v2\/posts\/2025\/revisions\/3811"}],"wp:attachment":[{"href":"https:\/\/dikoweb.de\/index.php?rest_route=%2Fwp%2Fv2%2Fmedia&parent=2025"}],"wp:term":[{"taxonomy":"category","embeddable":true,"href":"https:\/\/dikoweb.de\/index.php?rest_route=%2Fwp%2Fv2%2Fcategories&post=2025"},{"taxonomy":"post_tag","embeddable":true,"href":"https:\/\/dikoweb.de\/index.php?rest_route=%2Fwp%2Fv2%2Ftags&post=2025"}],"curies":[{"name":"wp","href":"https:\/\/api.w.org\/{rel}","templated":true}]}}