{"id":2259,"date":"2023-01-20T11:50:59","date_gmt":"2023-01-20T10:50:59","guid":{"rendered":"https:\/\/dikoweb.de\/main\/?p=2259"},"modified":"2024-12-12T15:04:46","modified_gmt":"2024-12-12T15:04:46","slug":"r-i-p-david-crosby","status":"publish","type":"post","link":"https:\/\/dikoweb.de\/?p=2259","title":{"rendered":"R.I.P &#8211; David Crosby"},"content":{"rendered":"\n<div class=\"wp-block-columns is-layout-flex wp-container-core-columns-is-layout-8f761849 wp-block-columns-is-layout-flex\">\n<div class=\"wp-block-column is-layout-flow wp-block-column-is-layout-flow\" style=\"flex-basis:33.33%\">\n<figure class=\"wp-block-image size-full\"><img loading=\"lazy\" decoding=\"async\" width=\"1024\" height=\"1280\" src=\"https:\/\/dikoweb.de\/wp-content\/uploads\/2023\/01\/David_Crosby_2019_by_Glenn_Francis-1.jpg\" alt=\"\" class=\"wp-image-3779\" srcset=\"https:\/\/dikoweb.de\/wp-content\/uploads\/2023\/01\/David_Crosby_2019_by_Glenn_Francis-1.jpg 1024w, https:\/\/dikoweb.de\/wp-content\/uploads\/2023\/01\/David_Crosby_2019_by_Glenn_Francis-1-240x300.jpg 240w, https:\/\/dikoweb.de\/wp-content\/uploads\/2023\/01\/David_Crosby_2019_by_Glenn_Francis-1-819x1024.jpg 819w, https:\/\/dikoweb.de\/wp-content\/uploads\/2023\/01\/David_Crosby_2019_by_Glenn_Francis-1-768x960.jpg 768w, https:\/\/dikoweb.de\/wp-content\/uploads\/2023\/01\/David_Crosby_2019_by_Glenn_Francis-1-900x1125.jpg 900w\" sizes=\"auto, (max-width: 1024px) 100vw, 1024px\" \/><\/figure>\n\n\n\n<p class=\"wp-block-paragraph\" style=\"font-size:12px\">David Crosby tritt am 3. Juli 2019 beim Wohlt\u00e4tigkeitskonzert California Saga 2 in Los Angeles, Kalifornien, auf.<br>Photo by Glenn Francis of www.PacificProDigital.com<\/p>\n<\/div>\n\n\n\n<div class=\"wp-block-column is-layout-flow wp-block-column-is-layout-flow\" style=\"flex-basis:66.66%\">\n<p class=\"has-normal-font-size wp-block-paragraph\"><a href=\"https:\/\/davidcrosby.com\/\" target=\"_blank\" rel=\"noreferrer noopener\">David Crosby<\/a>, ein Gr\u00fcndungsmitglied von THE BYRDS und CROSBY, STILLS &amp; NASH (sp\u00e4ter CROSBY, STILLS, NASH &amp; YOUNG), ist am 19. Januar 2023 gestorben. Er wurde 81 Jahre alt.<\/p>\n\n\n\n<p class=\"has-normal-font-size wp-block-paragraph\">In seiner beispiellosen sechs Jahrzehnte w\u00e4hrenden Karriere hat der geb\u00fcrtige Kalifornier Songs geschaffen, die f\u00fcr mehr als drei Generationen nachhallen &#8211; nicht nur als Solok\u00fcnstler, sondern auch als Gr\u00fcndungsmitglied von THE BYRDS Mitte der 60er Jahre, CROSBY, STILLS &amp; NASH (1969 mit dem Grammy f\u00fcr den besten neuen K\u00fcnstler ausgezeichnet) und <a href=\"https:\/\/www.youtube.com\/watch?v=YCs6Tpd5sFQ\" target=\"_blank\" rel=\"noreferrer noopener\">CROSBY, STILLS, NASH &amp; YOUNG<\/a>. Er hat mit Dutzenden von K\u00fcnstlern zusammengearbeitet, darunter Joni Mitchell, James Taylor, David Gilmour von PINK FLOYD, Phil Collins, Elton John und Carole King.<\/p>\n\n\n\n<p class=\"has-normal-font-size wp-block-paragraph\">Der Folk-Rock-Pionier, der 2009 in die prestigetr\u00e4chtige Songwriters Hall Of Fame aufgenommen wurde, diente auch als unser soziales Gewissen, indem er in Songs wie Almost Cut My Hair&#8220; und Wooden Ships&#8220; nicht nur wortgewandt \u00fcber gesellschaftliche Themen schrieb, sondern auch kontinuierlich Konzerterl\u00f6se an gleichgesinnte Organisationen spendete. Seine brillante F\u00e4higkeit, den Geist unserer Zeit in seiner Musik einzufangen, sind ungebrochen.<\/p>\n\n\n\n<p class=\"has-normal-font-size wp-block-paragraph\">W\u00e4hrend seiner gesamten Karriere &#8211; von den Anf\u00e4ngen in der aufkeimenden Folkszene Kaliforniens in den fr\u00fchen 1960er Jahren \u00fcber seine \u00fcberraschenden Ansichten zur Waffenkontrolle, seine Genesung von Drogenmissbrauch und einer sich verschlechternden Gesundheit bis hin zu seinem Einfluss auf eine ganze neue Generation von Folk-orientierten Singer\/Songwritern &#8211; ist er eine Ikone der Gegenkultur, ein Verfechter sozialer Verantwortung und ein Dorn im Auge von Heuchlern aller Couleur geblieben.<\/p>\n\n\n\n<p class=\"has-normal-font-size wp-block-paragraph\">Crosby spielte auf einigen der kulturell bedeutendsten Konzerte des Rock, darunter das Monterey Pop Festival, Woodstock und das Altamont Free Concert.<\/p>\n\n\n\n<p class=\"has-normal-font-size wp-block-paragraph\">2019 drehte der Filmemacher Cameron Crowe einen Dokumentarfilm \u00fcber Crosbys Leben und Musik mit dem Titel &#8222;David Crosby: Remember My Name&#8220;.<\/p>\n\n\n\n<p class=\"has-small-font-size wp-block-paragraph\">Quelle: <a rel=\"noreferrer noopener\" href=\"https:\/\/blabbermouth.net\/\" target=\"_blank\">blabbermouth.net<\/a> (von mir \u00fcbersetzte und gek\u00fcrzte Fassung)<\/p>\n\n\n\n<p class=\"has-normal-font-size wp-block-paragraph\">2000 enth\u00fcllte die S\u00e4ngerin und Gitarristin Melissa Etheridge, dass David Crosby der Vater der beiden Kinder war, die sie mit ihrer damaligen Partnerin Julie Cypher hatte. Cypher trug die Kinder aus, die Crosby durch k\u00fcnstliche Befruchtung gezeugt hatte. Ein Sohn, Beckett, starb im Jahr 2020 an den Folgen seiner Drogensucht.<\/p>\n<\/div>\n<\/div>\n","protected":false},"excerpt":{"rendered":"<p>David Crosby tritt am 3. Juli 2019 beim Wohlt\u00e4tigkeitskonzert California Saga 2 in Los Angeles, Kalifornien, auf.Photo by Glenn Francis of www.PacificProDigital.com David Crosby, ein Gr\u00fcndungsmitglied von THE BYRDS und CROSBY, STILLS &amp; NASH (sp\u00e4ter CROSBY, STILLS, NASH &amp; YOUNG), ist am 19. Januar 2023 gestorben. Er wurde 81 Jahre alt. In seiner beispiellosen sechs [&hellip;]<\/p>\n","protected":false},"author":2,"featured_media":0,"comment_status":"closed","ping_status":"closed","sticky":false,"template":"","format":"standard","meta":{"_crdt_document":"","footnotes":""},"categories":[4],"tags":[135,134,13],"class_list":["post-2259","post","type-post","status-publish","format-standard","hentry","category-musik","tag-csny","tag-david-crosby","tag-r-i-p"],"_links":{"self":[{"href":"https:\/\/dikoweb.de\/index.php?rest_route=\/wp\/v2\/posts\/2259","targetHints":{"allow":["GET"]}}],"collection":[{"href":"https:\/\/dikoweb.de\/index.php?rest_route=\/wp\/v2\/posts"}],"about":[{"href":"https:\/\/dikoweb.de\/index.php?rest_route=\/wp\/v2\/types\/post"}],"author":[{"embeddable":true,"href":"https:\/\/dikoweb.de\/index.php?rest_route=\/wp\/v2\/users\/2"}],"replies":[{"embeddable":true,"href":"https:\/\/dikoweb.de\/index.php?rest_route=%2Fwp%2Fv2%2Fcomments&post=2259"}],"version-history":[{"count":1,"href":"https:\/\/dikoweb.de\/index.php?rest_route=\/wp\/v2\/posts\/2259\/revisions"}],"predecessor-version":[{"id":3780,"href":"https:\/\/dikoweb.de\/index.php?rest_route=\/wp\/v2\/posts\/2259\/revisions\/3780"}],"wp:attachment":[{"href":"https:\/\/dikoweb.de\/index.php?rest_route=%2Fwp%2Fv2%2Fmedia&parent=2259"}],"wp:term":[{"taxonomy":"category","embeddable":true,"href":"https:\/\/dikoweb.de\/index.php?rest_route=%2Fwp%2Fv2%2Fcategories&post=2259"},{"taxonomy":"post_tag","embeddable":true,"href":"https:\/\/dikoweb.de\/index.php?rest_route=%2Fwp%2Fv2%2Ftags&post=2259"}],"curies":[{"name":"wp","href":"https:\/\/api.w.org\/{rel}","templated":true}]}}