{"id":2541,"date":"2023-05-12T15:15:22","date_gmt":"2023-05-12T13:15:22","guid":{"rendered":"https:\/\/dikoweb.de\/main\/?p=2541"},"modified":"2024-12-08T22:38:57","modified_gmt":"2024-12-08T22:38:57","slug":"tv-empfehlung","status":"publish","type":"post","link":"https:\/\/dikoweb.de\/?p=2541","title":{"rendered":"TV Empfehlung"},"content":{"rendered":"\n<p class=\"wp-block-paragraph\">Am vergangenen Dienstag (9. Mai 2023) lief die &#8222;frontal&#8220;-Dokumentation &#8222;Erdogans Terrorliste \u2013 Wie die t\u00fcrkische Regierung weltweit Kritiker jagt&#8220;. Eine eindrucksvolle Reportage, die in der ZDF Mediathek noch verf\u00fcgbar ist und die man sich unbedingt anschauen sollte. Daf\u00fcr begaben sich<\/p>\n\n\n\n<blockquote class=\"wp-block-quote is-layout-flow wp-block-quote-is-layout-flow\">\n<p class=\"wp-block-paragraph\"><strong>Can D\u00fcndar, der f\u00fcr seine Enth\u00fcllungen in der T\u00fcrkei zu 27 Jahren Haft verurteilt wurde und ins deutsche Exil fliehen musste, sowie Grimme-Preistr\u00e4ger Hauke Wendler auf eine investigative Reise: Von Berlin \u00fcber Frankfurt und D\u00fcsseldorf bis nach Stockholm, Paris und weiter nach Buenos Aires. <\/strong>[&#8230;]<\/p>\n\n\n\n<p class=\"wp-block-paragraph\">Die &#8222;frontal&#8220;-Dokumentation folgt Can D\u00fcndars jahrelangen Recherchen, die zu einem au\u00dfergew\u00f6hnlichen Interview in einem Gef\u00e4ngnis in Argentinien f\u00fchren: Dort trifft Can D\u00fcndar auf den Mann, der ihn nach eigenen Aussagen 2016 erschie\u00dfen sollte.<\/p>\n\n\n\n<p class=\"wp-block-paragraph\">Der Film beleuchtet auch, wie Erdogan internationale Krisen und Kriege nutzt, um nach 20 Jahren weiter an der Macht zu bleiben. Wer die Politik des t\u00fcrkischen Pr\u00e4sidenten kritisiert und seinem Machtanspruch im Wege steht, der landet auf der Terrorliste. Auf die Gesuchten ist eine Belohnung f\u00fcr Hinweise zur Ergreifung ausgesetzt. Auf dieser Liste steht auch der Journalist Cevheri G\u00fcven, der wie Can D\u00fcndar ins deutsche Exil fliehen musste. Sein angebliches Vergehen: kritische Berichte \u00fcber Erdogans Kurdenpolitik und \u00fcber die vielen zivilen Opfer des Konflikts. Die t\u00fcrkische Boulevardpresse ver\u00f6ffentlichte Fotos von G\u00fcven, samt deutscher Wohnadresse \u2013 seitdem lebt die Familie auch in Deutschland in Angst. Der Autor Ahmet D\u00f6nmez, der vor den Augen seiner sechsj\u00e4hrigen Tochter fast totgeschlagen wurde, hatte wenige Tage vorher diese Warnung erhalten: &#8222;Denk nicht, dass wir Dir nicht in 24 Stunden den Kopf abschlagen lassen k\u00f6nnen, nur weil Du in Schweden bist!&#8220;<\/p>\n\n\n\n<p class=\"wp-block-paragraph\">F\u00fcr den Film &#8222;Erdogans Terrorliste \u2013 Wie die t\u00fcrkische Regierung weltweit Kritiker jagt&#8220;, mussten sich die Autoren mit gepanzerten Wagen und Personensch\u00fctzern des LKA Berlin fortbewegen, da Can D\u00fcndar nach wie vor bedroht wird.<\/p>\n<cite>https:\/\/www.presseportal.de\/pm\/7840\/5502218<\/cite><\/blockquote>\n","protected":false},"excerpt":{"rendered":"<p>Am vergangenen Dienstag (9. Mai 2023) lief die &#8222;frontal&#8220;-Dokumentation &#8222;Erdogans Terrorliste \u2013 Wie die t\u00fcrkische Regierung weltweit Kritiker jagt&#8220;. Eine eindrucksvolle Reportage, die in der ZDF Mediathek noch verf\u00fcgbar ist und die man sich unbedingt anschauen sollte. Daf\u00fcr begaben sich Can D\u00fcndar, der f\u00fcr seine Enth\u00fcllungen in der T\u00fcrkei zu 27 Jahren Haft verurteilt wurde [&hellip;]<\/p>\n","protected":false},"author":2,"featured_media":0,"comment_status":"closed","ping_status":"open","sticky":false,"template":"","format":"standard","meta":{"_crdt_document":"","footnotes":""},"categories":[5,87],"tags":[],"class_list":["post-2541","post","type-post","status-publish","format-standard","hentry","category-politik","category-tv-und-film"],"_links":{"self":[{"href":"https:\/\/dikoweb.de\/index.php?rest_route=\/wp\/v2\/posts\/2541","targetHints":{"allow":["GET"]}}],"collection":[{"href":"https:\/\/dikoweb.de\/index.php?rest_route=\/wp\/v2\/posts"}],"about":[{"href":"https:\/\/dikoweb.de\/index.php?rest_route=\/wp\/v2\/types\/post"}],"author":[{"embeddable":true,"href":"https:\/\/dikoweb.de\/index.php?rest_route=\/wp\/v2\/users\/2"}],"replies":[{"embeddable":true,"href":"https:\/\/dikoweb.de\/index.php?rest_route=%2Fwp%2Fv2%2Fcomments&post=2541"}],"version-history":[{"count":1,"href":"https:\/\/dikoweb.de\/index.php?rest_route=\/wp\/v2\/posts\/2541\/revisions"}],"predecessor-version":[{"id":3714,"href":"https:\/\/dikoweb.de\/index.php?rest_route=\/wp\/v2\/posts\/2541\/revisions\/3714"}],"wp:attachment":[{"href":"https:\/\/dikoweb.de\/index.php?rest_route=%2Fwp%2Fv2%2Fmedia&parent=2541"}],"wp:term":[{"taxonomy":"category","embeddable":true,"href":"https:\/\/dikoweb.de\/index.php?rest_route=%2Fwp%2Fv2%2Fcategories&post=2541"},{"taxonomy":"post_tag","embeddable":true,"href":"https:\/\/dikoweb.de\/index.php?rest_route=%2Fwp%2Fv2%2Ftags&post=2541"}],"curies":[{"name":"wp","href":"https:\/\/api.w.org\/{rel}","templated":true}]}}