{"id":2785,"date":"2023-07-26T19:09:10","date_gmt":"2023-07-26T17:09:10","guid":{"rendered":"https:\/\/dikoweb.de\/main\/?p=2785"},"modified":"2024-12-08T18:27:16","modified_gmt":"2024-12-08T18:27:16","slug":"endlich-zulauf-zur-afd-geklaert","status":"publish","type":"post","link":"https:\/\/dikoweb.de\/?p=2785","title":{"rendered":"Endlich &#8211; Zulauf zur AfD gekl\u00e4rt!"},"content":{"rendered":"\n\n\n<div class=\"wp-block-media-text is-stacked-on-mobile is-vertically-aligned-top\" style=\"grid-template-columns:24% auto\"><figure class=\"wp-block-media-text__media\"><img loading=\"lazy\" decoding=\"async\" width=\"359\" height=\"506\" src=\"https:\/\/dikoweb.de\/wp-content\/uploads\/2023\/07\/fritz-the-cat-1.jpg\" alt=\"\" class=\"wp-image-3663 size-full\" srcset=\"https:\/\/dikoweb.de\/wp-content\/uploads\/2023\/07\/fritz-the-cat-1.jpg 359w, https:\/\/dikoweb.de\/wp-content\/uploads\/2023\/07\/fritz-the-cat-1-213x300.jpg 213w\" sizes=\"auto, (max-width: 359px) 100vw, 359px\" \/><\/figure><div class=\"wp-block-media-text__content\">\n<p class=\"wp-block-paragraph\">Sorry, eine wichtige Meldung habe ich die ganze Zeit vernachl\u00e4ssigt! N\u00e4mlich die Antwort auf die Frage, woher die AfD den gro\u00dfen Stimmenzuwachs hat.<\/p>\n\n\n\n<p class=\"wp-block-paragraph\">Dank der politikwissenschaftlichen Expertise des ehemaligen Wirtschaftsanwalts, Unternehmens-beraters und Aufsichtsratsmitglieds F. Merz ist dieses im Juni 2023 der deutschen \u00d6ffentlichkeit mitgetwittert worden:<\/p>\n\n\n\n<p class=\"has-small-font-size wp-block-paragraph\"><\/p>\n<\/div><\/div>\n\n\n\n<figure class=\"wp-block-embed is-type-rich is-provider-twitter wp-block-embed-twitter\"><div class=\"wp-block-embed__wrapper\">\n<blockquote class=\"twitter-tweet\" data-width=\"550\" data-dnt=\"true\"><p lang=\"de\" dir=\"ltr\">\u201eMit jeder gegenderten Nachrichtensendung gehen ein paar hundert Stimmen mehr zur <a href=\"https:\/\/twitter.com\/hashtag\/AfD?src=hash&amp;ref_src=twsrc%5Etfw\">#AfD<\/a>. Gegenderte Sprache und identit\u00e4re Ideologie werden von einer gro\u00dfen Mehrheit der Bev\u00f6lkerung nicht mehr nur im Stillen abgelehnt. Sie werden als \u00fcbergriffig empfunden.\u201c &#8482; <a href=\"https:\/\/twitter.com\/hashtag\/MerzMail?src=hash&amp;ref_src=twsrc%5Etfw\">#MerzMail<\/a><\/p>&mdash; Friedrich Merz (@_FriedrichMerz) <a href=\"https:\/\/twitter.com\/_FriedrichMerz\/status\/1665017166612013056?ref_src=twsrc%5Etfw\">June 3, 2023<\/a><\/blockquote><script async src=\"https:\/\/platform.twitter.com\/widgets.js\" charset=\"utf-8\"><\/script>\n<\/div><figcaption class=\"wp-element-caption\"><a href=\"https:\/\/twitter.com\/_FriedrichMerz\/status\/1665017166612013056?lang=de\" target=\"_blank\" rel=\"noreferrer noopener\">https:\/\/twitter.com\/_FriedrichMerz\/status\/1665017166612013056?lang=de<\/a><\/figcaption><\/figure>\n\n\n\n<p class=\"wp-block-paragraph\">Also, sofort alle gegenderten Nachrichtensendungen einstellen &#8211; Problem behoben. Danke Merz!<\/p>\n\n\n\n<p class=\"has-small-font-size wp-block-paragraph\">Fotoquelle: <a href=\"https:\/\/www.zdf.de\/politik\/frontal\/satire-toll-afd-umfragen-18-prozent-gendern-merz-scholz-genderverbot-100.html\" target=\"_blank\" rel=\"noreferrer noopener\">ZDF Frontal<\/a> (bearbeitet)<\/p>\n","protected":false},"excerpt":{"rendered":"<p>Sorry, eine wichtige Meldung habe ich die ganze Zeit vernachl\u00e4ssigt! N\u00e4mlich die Antwort auf die Frage, woher die AfD den gro\u00dfen Stimmenzuwachs hat. Dank der politikwissenschaftlichen Expertise des ehemaligen Wirtschaftsanwalts, Unternehmens-beraters und Aufsichtsratsmitglieds F. Merz ist dieses im Juni 2023 der deutschen \u00d6ffentlichkeit mitgetwittert worden: Also, sofort alle gegenderten Nachrichtensendungen einstellen &#8211; Problem behoben. Danke [&hellip;]<\/p>\n","protected":false},"author":2,"featured_media":0,"comment_status":"closed","ping_status":"open","sticky":false,"template":"","format":"standard","meta":{"_crdt_document":"","footnotes":""},"categories":[5],"tags":[67,66],"class_list":["post-2785","post","type-post","status-publish","format-standard","hentry","category-politik","tag-afd","tag-friedrich-merz"],"_links":{"self":[{"href":"https:\/\/dikoweb.de\/index.php?rest_route=\/wp\/v2\/posts\/2785","targetHints":{"allow":["GET"]}}],"collection":[{"href":"https:\/\/dikoweb.de\/index.php?rest_route=\/wp\/v2\/posts"}],"about":[{"href":"https:\/\/dikoweb.de\/index.php?rest_route=\/wp\/v2\/types\/post"}],"author":[{"embeddable":true,"href":"https:\/\/dikoweb.de\/index.php?rest_route=\/wp\/v2\/users\/2"}],"replies":[{"embeddable":true,"href":"https:\/\/dikoweb.de\/index.php?rest_route=%2Fwp%2Fv2%2Fcomments&post=2785"}],"version-history":[{"count":1,"href":"https:\/\/dikoweb.de\/index.php?rest_route=\/wp\/v2\/posts\/2785\/revisions"}],"predecessor-version":[{"id":3665,"href":"https:\/\/dikoweb.de\/index.php?rest_route=\/wp\/v2\/posts\/2785\/revisions\/3665"}],"wp:attachment":[{"href":"https:\/\/dikoweb.de\/index.php?rest_route=%2Fwp%2Fv2%2Fmedia&parent=2785"}],"wp:term":[{"taxonomy":"category","embeddable":true,"href":"https:\/\/dikoweb.de\/index.php?rest_route=%2Fwp%2Fv2%2Fcategories&post=2785"},{"taxonomy":"post_tag","embeddable":true,"href":"https:\/\/dikoweb.de\/index.php?rest_route=%2Fwp%2Fv2%2Ftags&post=2785"}],"curies":[{"name":"wp","href":"https:\/\/api.w.org\/{rel}","templated":true}]}}