{"id":2978,"date":"2023-12-07T23:56:30","date_gmt":"2023-12-07T22:56:30","guid":{"rendered":"https:\/\/dikoweb.de\/main\/?p=2978"},"modified":"2024-12-08T17:37:56","modified_gmt":"2024-12-08T17:37:56","slug":"berlin-besetzt","status":"publish","type":"post","link":"https:\/\/dikoweb.de\/?p=2978","title":{"rendered":"Berlin besetzt"},"content":{"rendered":"\n<div class=\"wp-block-group is-vertical is-layout-flex wp-container-core-group-is-layout-44769ffa wp-block-group-is-layout-flex\">\n<p class=\"wp-block-paragraph\">Hausbesetzungen in Berlin sind seit den 70er Jahren eng verkn\u00fcpft mit den politischen und sozialen Bewegungen, Str\u00f6mungen und Ereignissen einer Protest- und Widerstandskultur gegen herrschende Verh\u00e4ltnisse. Sie entstanden im Sog einer breiten 68er-Bewegung und wurden f\u00fcr viele zum Bezugspunkt ihres politischen Alltags und Selbstverst\u00e4ndnisses. <\/p>\n\n\n\n<figure class=\"wp-block-image size-full\"><img loading=\"lazy\" decoding=\"async\" width=\"864\" height=\"814\" src=\"https:\/\/dikoweb.de\/wp-content\/uploads\/2023\/12\/berlin_besetzt_karte_web-1.jpg\" alt=\"\" class=\"wp-image-3618\" srcset=\"https:\/\/dikoweb.de\/wp-content\/uploads\/2023\/12\/berlin_besetzt_karte_web-1.jpg 864w, https:\/\/dikoweb.de\/wp-content\/uploads\/2023\/12\/berlin_besetzt_karte_web-1-300x283.jpg 300w, https:\/\/dikoweb.de\/wp-content\/uploads\/2023\/12\/berlin_besetzt_karte_web-1-768x724.jpg 768w\" sizes=\"auto, (max-width: 864px) 100vw, 864px\" \/><\/figure>\n\n\n\n<p class=\"has-small-font-size wp-block-paragraph\">Bild: <a href=\"https:\/\/berlin-besetzt.de\/\">https:\/\/berlin-besetzt.de\/<\/a><\/p>\n\n\n\n<p class=\"wp-block-paragraph\">Auf dem H\u00f6hepunkt der Bewegung waren 165 H\u00e4user in Westberlin besetzt. Fast \u00fcberall in der Stadt gab und gibt es besetzte H\u00e4user oder zumindest Geb\u00e4ude, die mal besetzt waren. \u201eInsgesamt sind es 630\u201c, sagt Toni Grabowsky, der Teil des <a href=\"http:\/\/reclaimyourcity.net\/content\/interview-mit-pappsatt\" target=\"_blank\" rel=\"noreferrer noopener\">Pappsatt-Medienkollektivs<\/a> ist und es sich mit einigen Kolleg*innen zur Aufgabe gemacht hat, all diese Orte zusammenzutragen.<\/p>\n\n\n\n<p class=\"wp-block-paragraph\">Quellen waren das  <a href=\"http:\/\/www.archivtiger.de\/\" target=\"_blank\" rel=\"noreferrer noopener\">Papiertiger-Archiv<\/a> und das <a href=\"http:\/\/www.umbruch-bildarchiv.de\/\" target=\"_blank\" rel=\"noreferrer noopener\">Umbruch-Bildarchiv<\/a>, zwei Projekte, die 1980 begonnen hatten, Flugbl\u00e4tter und Zeitschriften beziehungsweise Fotos der Bewegung zu sammeln. Viele dieser Dokumente sind nun auf <a href=\"http:\/\/berlin-besetzt.de\/\" target=\"_blank\" rel=\"noreferrer noopener\">berlin-besetzt.de<\/a> gelistet. Es entstand eine interaktive Karte mit vielen Infos sowie einer Chronik und der Geschichte zu den Besetzungen seit 1973. Eine beeindruckende Flei\u00dfarbeit ! <\/p>\n\n\n\n<p class=\"wp-block-paragraph\">Bei rund 200 H\u00e4usern wird davon ausgegangen, dass sie noch heute genutzt werden. Allerdings k\u00f6nne man da aber nicht sicher sein. Au\u00dferdem sei die Liste weder vollst\u00e4ndig noch wissenschaftlich, da die Quellenlage zu d\u00fcrftig sei.<\/p>\n\n\n\n<p class=\"wp-block-paragraph\"><\/p>\n<\/div>\n","protected":false},"excerpt":{"rendered":"<p>Hausbesetzungen in Berlin sind seit den 70er Jahren eng verkn\u00fcpft mit den politischen und sozialen Bewegungen, Str\u00f6mungen und Ereignissen einer Protest- und Widerstandskultur gegen herrschende Verh\u00e4ltnisse. Sie entstanden im Sog einer breiten 68er-Bewegung und wurden f\u00fcr viele zum Bezugspunkt ihres politischen Alltags und Selbstverst\u00e4ndnisses. Bild: https:\/\/berlin-besetzt.de\/ Auf dem H\u00f6hepunkt der Bewegung waren 165 H\u00e4user in [&hellip;]<\/p>\n","protected":false},"author":2,"featured_media":0,"comment_status":"closed","ping_status":"open","sticky":false,"template":"","format":"standard","meta":{"_crdt_document":"","footnotes":""},"categories":[1,5],"tags":[40,41,42],"class_list":["post-2978","post","type-post","status-publish","format-standard","hentry","category-uncategorized","category-politik","tag-berlin","tag-hausbesetzung","tag-protest"],"_links":{"self":[{"href":"https:\/\/dikoweb.de\/index.php?rest_route=\/wp\/v2\/posts\/2978","targetHints":{"allow":["GET"]}}],"collection":[{"href":"https:\/\/dikoweb.de\/index.php?rest_route=\/wp\/v2\/posts"}],"about":[{"href":"https:\/\/dikoweb.de\/index.php?rest_route=\/wp\/v2\/types\/post"}],"author":[{"embeddable":true,"href":"https:\/\/dikoweb.de\/index.php?rest_route=\/wp\/v2\/users\/2"}],"replies":[{"embeddable":true,"href":"https:\/\/dikoweb.de\/index.php?rest_route=%2Fwp%2Fv2%2Fcomments&post=2978"}],"version-history":[{"count":1,"href":"https:\/\/dikoweb.de\/index.php?rest_route=\/wp\/v2\/posts\/2978\/revisions"}],"predecessor-version":[{"id":3619,"href":"https:\/\/dikoweb.de\/index.php?rest_route=\/wp\/v2\/posts\/2978\/revisions\/3619"}],"wp:attachment":[{"href":"https:\/\/dikoweb.de\/index.php?rest_route=%2Fwp%2Fv2%2Fmedia&parent=2978"}],"wp:term":[{"taxonomy":"category","embeddable":true,"href":"https:\/\/dikoweb.de\/index.php?rest_route=%2Fwp%2Fv2%2Fcategories&post=2978"},{"taxonomy":"post_tag","embeddable":true,"href":"https:\/\/dikoweb.de\/index.php?rest_route=%2Fwp%2Fv2%2Ftags&post=2978"}],"curies":[{"name":"wp","href":"https:\/\/api.w.org\/{rel}","templated":true}]}}