{"id":3000,"date":"2025-01-05T10:16:00","date_gmt":"2025-01-05T10:16:00","guid":{"rendered":"https:\/\/dikoweb.de\/main\/?p=3000"},"modified":"2025-01-03T16:56:44","modified_gmt":"2025-01-03T16:56:44","slug":"blick-in-ferne-zukunft","status":"publish","type":"post","link":"https:\/\/dikoweb.de\/?p=3000","title":{"rendered":"Blick in ferne Zukunft"},"content":{"rendered":"\n<div class=\"wp-block-cover\"><img loading=\"lazy\" decoding=\"async\" width=\"368\" height=\"500\" class=\"wp-block-cover__image-background wp-image-3581\" alt=\"\" src=\"https:\/\/dikoweb.de\/wp-content\/uploads\/2023\/12\/tucholsky.jpg\" style=\"object-position:47% 0%\" data-object-fit=\"cover\" data-object-position=\"47% 0%\" srcset=\"https:\/\/dikoweb.de\/wp-content\/uploads\/2023\/12\/tucholsky.jpg 368w, https:\/\/dikoweb.de\/wp-content\/uploads\/2023\/12\/tucholsky-221x300.jpg 221w\" sizes=\"auto, (max-width: 368px) 100vw, 368px\" \/><span aria-hidden=\"true\" class=\"wp-block-cover__background has-background-dim\"><\/span><div class=\"wp-block-cover__inner-container is-layout-flow wp-block-cover-is-layout-flow\">\n<p class=\"has-text-align-center has-large-font-size wp-block-paragraph\"><\/p>\n<\/div><\/div>\n\n\n\n<p><em>\u2026Und wenn alles vor\u00fcber ist \u2013; wenn sich das alles totgelaufen hat: der Hordenwahnsinn, die Wonne, in Massen aufzutreten, in Massen zu br\u00fcllen und in Gruppen Fahnen zu schwenken, wenn diese Zeitkrankheit vergangen ist, die die niedrigen Eigenschaften des Menschen zu guten uml\u00fcgt; wenn die Leute zwar nicht kl\u00fcger, aber m\u00fcde geworden sind; wenn alle K\u00e4mpfe um den Fascismus ausgek\u00e4mpft und wenn die letzten freiheitlichen Emigranten dahingeschieden sind \u2013:<\/em><\/p>\n<p><em>dann wird es eines Tages wieder sehr modern werden, liberal zu sein.<\/em><\/p>\n<p><em>Dann wird einer kommen, der wird eine gradezu donnernde Entdeckung machen: er wird den Einzelmenschen entdecken. Er wird dahinter kommen: Herrschaften, es gibt einen Organismus, Mensch gehei\u00dfen, und auf den kommt es an. Ob der gl\u00fccklich ist, das ist die Frage. Da\u00df der frei ist, das ist das Ziel. Gruppen sind etwas Sekund\u00e4res \u2013 der Staat ist etwas Sekund\u00e4res. Es kommt nicht darauf an, da\u00df der Staat lebe \u2013 es kommt darauf an, da\u00df der Mensch lebe.<\/em><\/p>\n<p><em>Dieser Mann, der so spricht, wird eine gro\u00dfe Wirkung hervorrufen. Die Leute werden seiner These zujubeln und werden sagen: \u201eDas ist ja ganz neu! Welch ein Mut! Das haben wir noch nie geh\u00f6rt! Eine neue Epoche der Menschheit bricht an! Welch ein Genie haben wir unter uns! Auf, auf! Die neue Lehre \u2013!\u201c<\/em><\/p>\n<p><em>Und seine B\u00fccher werden gekauft werden oder vielmehr die seiner Nachschreiber, denn der erste ist ja immer der Dumme.<\/em><\/p>\n<p><em>Und dann wird sich das auswirken, und hunderttausend schwarzer, brauner und roter Hemden werden in die Ecke fliegen und auf den Misthaufen. Und die Leute werden wieder Mut zu sich selber bekommen, ohne Mehrheitsbeschl\u00fcsse und ohne Angst vor dem Staat, vor dem sie gekuscht hatten wie gepr\u00fcgelte Hunde. Und das wird dann so gehen, bis eines Tages\u2026<\/em><\/p>\n<p>Autor: <strong><a href=\"http:\/\/de.wikisource.org\/wiki\/Kurt_Tucholsky\">Kurt Tucholsky<\/a> <\/strong><strong>unter dem Pseudonym Ignaz Wrobel<br \/><\/strong>Titel: <strong>Blick in ferne Zukunft<\/strong> aus: <em><a href=\"http:\/\/de.wikipedia.org\/wiki\/de:Die_Weltb%C3%BChne\">Die Weltb\u00fchne<\/a><\/em>. Jahrgang 26, Nummer 44, Seite 665. Herausgeber: <a href=\"http:\/\/de.wikisource.org\/wiki\/Carl_von_Ossietzky\">Carl von Ossietzky<\/a> <br \/>Erscheinungsdatum: 28. Oktober 1930<\/p>\n","protected":false},"excerpt":{"rendered":"<p>\u2026Und wenn alles vor\u00fcber ist \u2013; wenn sich das alles totgelaufen hat: der Hordenwahnsinn, die Wonne, in Massen aufzutreten, in Massen zu br\u00fcllen und in Gruppen Fahnen zu schwenken, wenn diese Zeitkrankheit vergangen ist, die die niedrigen Eigenschaften des Menschen zu guten uml\u00fcgt; wenn die Leute zwar nicht kl\u00fcger, aber m\u00fcde geworden sind; wenn alle [&hellip;]<\/p>\n","protected":false},"author":2,"featured_media":0,"comment_status":"closed","ping_status":"open","sticky":false,"template":"","format":"standard","meta":{"_crdt_document":"","footnotes":""},"categories":[1,6],"tags":[32],"class_list":["post-3000","post","type-post","status-publish","format-standard","hentry","category-uncategorized","category-literatur","tag-kurt-tucholsky"],"_links":{"self":[{"href":"https:\/\/dikoweb.de\/index.php?rest_route=\/wp\/v2\/posts\/3000","targetHints":{"allow":["GET"]}}],"collection":[{"href":"https:\/\/dikoweb.de\/index.php?rest_route=\/wp\/v2\/posts"}],"about":[{"href":"https:\/\/dikoweb.de\/index.php?rest_route=\/wp\/v2\/types\/post"}],"author":[{"embeddable":true,"href":"https:\/\/dikoweb.de\/index.php?rest_route=\/wp\/v2\/users\/2"}],"replies":[{"embeddable":true,"href":"https:\/\/dikoweb.de\/index.php?rest_route=%2Fwp%2Fv2%2Fcomments&post=3000"}],"version-history":[{"count":4,"href":"https:\/\/dikoweb.de\/index.php?rest_route=\/wp\/v2\/posts\/3000\/revisions"}],"predecessor-version":[{"id":4196,"href":"https:\/\/dikoweb.de\/index.php?rest_route=\/wp\/v2\/posts\/3000\/revisions\/4196"}],"wp:attachment":[{"href":"https:\/\/dikoweb.de\/index.php?rest_route=%2Fwp%2Fv2%2Fmedia&parent=3000"}],"wp:term":[{"taxonomy":"category","embeddable":true,"href":"https:\/\/dikoweb.de\/index.php?rest_route=%2Fwp%2Fv2%2Fcategories&post=3000"},{"taxonomy":"post_tag","embeddable":true,"href":"https:\/\/dikoweb.de\/index.php?rest_route=%2Fwp%2Fv2%2Ftags&post=3000"}],"curies":[{"name":"wp","href":"https:\/\/api.w.org\/{rel}","templated":true}]}}