{"id":3322,"date":"2024-09-10T18:21:41","date_gmt":"2024-09-10T16:21:41","guid":{"rendered":"https:\/\/dikoweb.de\/main\/?p=3322"},"modified":"2024-12-12T14:52:17","modified_gmt":"2024-12-12T14:52:17","slug":"47-goettinger-jazzfestival","status":"publish","type":"post","link":"https:\/\/dikoweb.de\/?p=3322","title":{"rendered":"47. G\u00f6ttinger Jazzfestival"},"content":{"rendered":"\n<p>In knapp 2 Monaten findet das 47. G\u00f6ttinger Jazzfestival statt. Und wieder hat es das Organisationsteam geschafft, ein h\u00f6chst interessantes und abwechselungsreiches Programm zusammenzustellen.<\/p>\n\n\n\n<div class=\"wp-block-media-text is-stacked-on-mobile is-vertically-aligned-top\" style=\"grid-template-columns:32% auto\"><figure class=\"wp-block-media-text__media\"><a href=\"https:\/\/www.jazzfestival-goettingen.de\/wp-content\/uploads\/2023\/09\/Jazzfest_Programmheft_2024_Web.pdf\"><img decoding=\"async\" src=\"https:\/\/dikoweb.de\/main\/wp-content\/uploads\/2024\/09\/47.-Goettinger-Jazzfestival.jpg\" alt=\"\" class=\"wp-image-3323 size-full\"\/><\/a><\/figure><div class=\"wp-block-media-text__content\">\n<p class=\"wp-block-paragraph\"><br>Vom 01. -09. 11.24 finden an diversen Orten in und um G\u00f6ttingen vielseitige Veranstaltungen statt: Film, Poetry-Slam, ein Vortrag \u00fcber den Mythos des <br>Jazz als politische Musik und nat\u00fcrlich jede Menge Live-Musik.<br><br>Das Programm k\u00f6nnt Ihr unter <a href=\"https:\/\/www.jazzfestival-goettingen.de\/\" data-type=\"link\" data-id=\"https:\/\/www.jazzfestival-goettingen.de\/\">www.jazzfestival-goettingen.de<\/a> einsehen oder durch Klick auf das Plakat herunterladen.<\/p>\n\n\n\n<p>Mein Tipp:<\/p>\n\n\n\n<p class=\"wp-block-paragraph\">Einen kleinen Vorgeschmack auf <a href=\"https:\/\/www.actmusic.com\/iiro-rantala\" target=\"_blank\" rel=\"noreferrer noopener\">Iiro Rantala<\/a> (allerdings solo 2015) gibt es hier zu sehen und zu h\u00f6ren:<\/p>\n\n\n\n<figure class=\"wp-block-embed is-type-video is-provider-youtube wp-block-embed-youtube wp-embed-aspect-16-9 wp-has-aspect-ratio\"><div class=\"wp-block-embed__wrapper\">\n<iframe loading=\"lazy\" title=\"Iiro Rantala live at the Berlin Philharmonie Kammermusiksaal October 2015\" width=\"629\" height=\"354\" src=\"https:\/\/www.youtube.com\/embed\/XwglYKCGEgY?feature=oembed\" frameborder=\"0\" allow=\"accelerometer; autoplay; clipboard-write; encrypted-media; gyroscope; picture-in-picture; web-share\" referrerpolicy=\"strict-origin-when-cross-origin\" allowfullscreen><\/iframe>\n<\/div><\/figure>\n<\/div><\/div>\n","protected":false},"excerpt":{"rendered":"<p>In knapp 2 Monaten findet das 47. G\u00f6ttinger Jazzfestival statt. Und wieder hat es das Organisationsteam geschafft, ein h\u00f6chst interessantes und abwechselungsreiches Programm zusammenzustellen.<\/p>\n","protected":false},"author":2,"featured_media":0,"comment_status":"closed","ping_status":"open","sticky":false,"template":"","format":"standard","meta":{"_crdt_document":"","footnotes":""},"categories":[4],"tags":[111,47,112],"class_list":["post-3322","post","type-post","status-publish","format-standard","hentry","category-musik","tag-goettingen","tag-jazz","tag-jazzfestival"],"_links":{"self":[{"href":"https:\/\/dikoweb.de\/index.php?rest_route=\/wp\/v2\/posts\/3322","targetHints":{"allow":["GET"]}}],"collection":[{"href":"https:\/\/dikoweb.de\/index.php?rest_route=\/wp\/v2\/posts"}],"about":[{"href":"https:\/\/dikoweb.de\/index.php?rest_route=\/wp\/v2\/types\/post"}],"author":[{"embeddable":true,"href":"https:\/\/dikoweb.de\/index.php?rest_route=\/wp\/v2\/users\/2"}],"replies":[{"embeddable":true,"href":"https:\/\/dikoweb.de\/index.php?rest_route=%2Fwp%2Fv2%2Fcomments&post=3322"}],"version-history":[{"count":20,"href":"https:\/\/dikoweb.de\/index.php?rest_route=\/wp\/v2\/posts\/3322\/revisions"}],"predecessor-version":[{"id":3515,"href":"https:\/\/dikoweb.de\/index.php?rest_route=\/wp\/v2\/posts\/3322\/revisions\/3515"}],"wp:attachment":[{"href":"https:\/\/dikoweb.de\/index.php?rest_route=%2Fwp%2Fv2%2Fmedia&parent=3322"}],"wp:term":[{"taxonomy":"category","embeddable":true,"href":"https:\/\/dikoweb.de\/index.php?rest_route=%2Fwp%2Fv2%2Fcategories&post=3322"},{"taxonomy":"post_tag","embeddable":true,"href":"https:\/\/dikoweb.de\/index.php?rest_route=%2Fwp%2Fv2%2Ftags&post=3322"}],"curies":[{"name":"wp","href":"https:\/\/api.w.org\/{rel}","templated":true}]}}