{"id":3458,"date":"2024-10-24T19:22:22","date_gmt":"2024-10-24T17:22:22","guid":{"rendered":"https:\/\/dikoweb.de\/main\/?p=3458"},"modified":"2024-12-12T14:50:57","modified_gmt":"2024-12-12T14:50:57","slug":"trump-ist-ein-faschist","status":"publish","type":"post","link":"https:\/\/dikoweb.de\/?p=3458","title":{"rendered":"&#8222;Trump ist ein Faschist&#8220;"},"content":{"rendered":"\r\n<p class=\"wp-block-paragraph\">Vizepr\u00e4sidentin Kamala Harris sagte am Mittwoch, sie glaube, dass der ehemalige Pr\u00e4sident Donald Trump ein Faschist sei. Sie stimmte damit der Einsch\u00e4tzung einer wachsenden Zahl von Trumps ehemaligen Top-Beratern zu und versch\u00e4rfte weniger als zwei Wochen vor dem Wahltag ihre Warnungen \u00fcber den Charakter und die Eignung des republikanischen Kandidaten f\u00fcr das Amt.<\/p>\r\n\r\n\r\n\r\n<p class=\"wp-block-paragraph\">Auf die direkte Frage in einer CNN-Veranstaltung, ob sie glaube, dass Trump ein Faschist sei, sagte Harris: \u201eJa, das tue ich. Yes, I do.\u201c<\/p>\r\n\r\n\r\n\r\n<p class=\"wp-block-paragraph\">Quelle: <a href=\"https:\/\/www.washingtonpost.com\/elections\/2024\/10\/24\/2024-election-campaign-updates-harris-trump\/\" target=\"_blank\" rel=\"noreferrer noopener\">Washington Post<\/a>\u00a0<\/p>\r\n\r\n\r\n\r\n\r\n\r\n<figure class=\"wp-block-image size-full\"><img decoding=\"async\" src=\"https:\/\/dikoweb.de\/wp-content\/uploads\/2024\/10\/Trump_never_born.jpg\" alt=\"\" class=\"wp-image-3459\"\/><\/figure>\r\n","protected":false},"excerpt":{"rendered":"<p>Vizepr\u00e4sidentin Kamala Harris sagte am Mittwoch, sie glaube, dass der ehemalige Pr\u00e4sident Donald Trump ein Faschist sei. Sie stimmte damit der Einsch\u00e4tzung einer wachsenden Zahl von Trumps ehemaligen Top-Beratern zu und versch\u00e4rfte weniger als zwei Wochen vor dem Wahltag ihre Warnungen \u00fcber den Charakter und die Eignung des republikanischen Kandidaten f\u00fcr das Amt. Auf die [&hellip;]<\/p>\n","protected":false},"author":2,"featured_media":0,"comment_status":"closed","ping_status":"open","sticky":false,"template":"","format":"standard","meta":{"_crdt_document":"","footnotes":""},"categories":[5],"tags":[108,7],"class_list":["post-3458","post","type-post","status-publish","format-standard","hentry","category-politik","tag-faschist","tag-trump"],"_links":{"self":[{"href":"https:\/\/dikoweb.de\/index.php?rest_route=\/wp\/v2\/posts\/3458","targetHints":{"allow":["GET"]}}],"collection":[{"href":"https:\/\/dikoweb.de\/index.php?rest_route=\/wp\/v2\/posts"}],"about":[{"href":"https:\/\/dikoweb.de\/index.php?rest_route=\/wp\/v2\/types\/post"}],"author":[{"embeddable":true,"href":"https:\/\/dikoweb.de\/index.php?rest_route=\/wp\/v2\/users\/2"}],"replies":[{"embeddable":true,"href":"https:\/\/dikoweb.de\/index.php?rest_route=%2Fwp%2Fv2%2Fcomments&post=3458"}],"version-history":[{"count":2,"href":"https:\/\/dikoweb.de\/index.php?rest_route=\/wp\/v2\/posts\/3458\/revisions"}],"predecessor-version":[{"id":3761,"href":"https:\/\/dikoweb.de\/index.php?rest_route=\/wp\/v2\/posts\/3458\/revisions\/3761"}],"wp:attachment":[{"href":"https:\/\/dikoweb.de\/index.php?rest_route=%2Fwp%2Fv2%2Fmedia&parent=3458"}],"wp:term":[{"taxonomy":"category","embeddable":true,"href":"https:\/\/dikoweb.de\/index.php?rest_route=%2Fwp%2Fv2%2Fcategories&post=3458"},{"taxonomy":"post_tag","embeddable":true,"href":"https:\/\/dikoweb.de\/index.php?rest_route=%2Fwp%2Fv2%2Ftags&post=3458"}],"curies":[{"name":"wp","href":"https:\/\/api.w.org\/{rel}","templated":true}]}}