{"id":367,"date":"2018-02-22T07:23:24","date_gmt":"2018-02-22T06:23:24","guid":{"rendered":"http:\/\/dikoweb.de\/blog\/?p=367"},"modified":"2024-12-18T22:41:23","modified_gmt":"2024-12-18T22:41:23","slug":"trumpel-sammlung","status":"publish","type":"post","link":"https:\/\/dikoweb.de\/?p=367","title":{"rendered":"Trumpel &#8211; Sammlung"},"content":{"rendered":"\n<figure class=\"wp-block-image size-full\"><img loading=\"lazy\" decoding=\"async\" width=\"150\" height=\"192\" src=\"https:\/\/dikoweb.de\/wp-content\/uploads\/2018\/02\/trumptogo_150.jpg\" alt=\"\" class=\"wp-image-3966\"\/><\/figure>\n\n\n\n<h4 class=\"wp-block-heading\">Trump &#8211; ein Narzist?<\/h4>\n\n\n\n<blockquote class=\"wp-block-quote is-layout-flow wp-block-quote-is-layout-flow\">\n<p class=\"wp-block-paragraph\">&#8222;Nach DSM-IV-TR beziehungsweise DSM-5 gibt es folgende Kriterien f\u00fcr eine narzisstische Pers\u00f6nlichkeitsst\u00f6rung: Die Betroffenen haben ein grandioses Gef\u00fchl der eigenen Wichtigkeit, sie verlangen nach \u00fcberm\u00e4\u00dfiger Bewunderung, sie idealisieren sich selbst und sind stark von Fantasien grenzenlosen Erfolgs, Macht, Glanz oder Sch\u00f6nheit eingenommen. Sie glauben von sich, besonders und einzigartig zu sein und nur von anderen au\u00dfergew\u00f6hnlichen oder angesehenen Personen oder Institutionen verstanden zu werden oder nur mit diesen verkehren zu k\u00f6nnen. Dar\u00fcber hinaus zeigen sie ein offensives Anspruchsdenken und erwarten, bevorzugt behandelt zu werden.&#8220; [&#8230;]<\/p>\n\n\n\n<p class=\"wp-block-paragraph\">&#8222;In zwischenmenschlichen Beziehungen sind sie h\u00e4ufig ausbeuterisch und ziehen zum Beispiel Nutzen aus anderen Personen, um die eigenen Ziele zu erreichen. Ihnen mangelt es zudem an Empathie, das hei\u00dft, sie sind nicht willens oder f\u00e4hig, die Gef\u00fchle und Bed\u00fcrfnisse anderer zu erkennen oder sich mit ihnen zu identifizieren. Au\u00dferdem sind sie h\u00e4ufig neidisch auf andere oder glauben, andere seien neidisch auf sie. Im Umgang mit anderen geben sie sich \u00fcberheblich. Mindestens f\u00fcnf dieser Kriterien m\u00fcssen erf\u00fcllt sein, um die Diagnose stellen zu k\u00f6nnen.&#8220;<\/p>\n<\/blockquote>\n\n\n\n<p class=\"wp-block-paragraph\">aus: <a href=\"http:\/\/www.aerzteblatt.de\/archiv\/165552\/Narzisstische-Persoenlichkeitsstoerung-Erkrankung-mit-vielen-Facetten\" target=\"_blank\" rel=\"noopener noreferrer\">\u00c4rzteblatt<\/a><\/p>\n\n\n\n<p class=\"wp-block-paragraph\">Alles klar, oder&#8230;?<\/p>\n\n\n\n<h5 class=\"wp-block-heading\">Donald&#8217;s Weg zum Trump-el<\/h5>\n\n\n\n<p class=\"wp-block-paragraph\"><a href=\"http:\/\/www.morgenpost.de\/politik\/article206811689\/Neid-auf-Merkel-bringt-Spott-Donald-wird-zum-Trump-el.html\" target=\"_blank\" rel=\"noopener noreferrer\">http:\/\/www.morgenpost.de\/politik\/article206811689\/Neid-auf-Merkel-bringt-Spott-Donald-wird-zum-Trump-el.html<\/a><\/p>\n\n\n\n<p class=\"wp-block-paragraph\"><a href=\"https:\/\/twitter.com\/realDonaldTrump\" target=\"_blank\" rel=\"noopener noreferrer\">Trump auf Twitter<\/a><\/p>\n\n\n\n<p class=\"wp-block-paragraph\"><a href=\"https:\/\/twitter.com\/guillaumeTC\" target=\"_blank\" rel=\"noopener noreferrer\">Guillaume Titus-Carmel<\/a> &#8211; Der Pariser montiert seit Dezember 2012 Gesichter von zwei Prominenten zu einem neuen. #CroisonsLes nennt er das, &#8222;mixt sie&#8220;.<\/p>\n","protected":false},"excerpt":{"rendered":"<p>Trump &#8211; ein Narzist? &#8222;Nach DSM-IV-TR beziehungsweise DSM-5 gibt es folgende Kriterien f\u00fcr eine narzisstische Pers\u00f6nlichkeitsst\u00f6rung: Die Betroffenen haben ein grandioses Gef\u00fchl der eigenen Wichtigkeit, sie verlangen nach \u00fcberm\u00e4\u00dfiger Bewunderung, sie idealisieren sich selbst und sind stark von Fantasien grenzenlosen Erfolgs, Macht, Glanz oder Sch\u00f6nheit eingenommen. Sie glauben von sich, besonders und einzigartig zu sein [&hellip;]<\/p>\n","protected":false},"author":2,"featured_media":0,"comment_status":"closed","ping_status":"closed","sticky":false,"template":"","format":"standard","meta":{"_crdt_document":"","footnotes":""},"categories":[1,5],"tags":[201,7],"class_list":["post-367","post","type-post","status-publish","format-standard","hentry","category-uncategorized","category-politik","tag-narzist","tag-trump"],"_links":{"self":[{"href":"https:\/\/dikoweb.de\/index.php?rest_route=\/wp\/v2\/posts\/367","targetHints":{"allow":["GET"]}}],"collection":[{"href":"https:\/\/dikoweb.de\/index.php?rest_route=\/wp\/v2\/posts"}],"about":[{"href":"https:\/\/dikoweb.de\/index.php?rest_route=\/wp\/v2\/types\/post"}],"author":[{"embeddable":true,"href":"https:\/\/dikoweb.de\/index.php?rest_route=\/wp\/v2\/users\/2"}],"replies":[{"embeddable":true,"href":"https:\/\/dikoweb.de\/index.php?rest_route=%2Fwp%2Fv2%2Fcomments&post=367"}],"version-history":[{"count":3,"href":"https:\/\/dikoweb.de\/index.php?rest_route=\/wp\/v2\/posts\/367\/revisions"}],"predecessor-version":[{"id":4011,"href":"https:\/\/dikoweb.de\/index.php?rest_route=\/wp\/v2\/posts\/367\/revisions\/4011"}],"wp:attachment":[{"href":"https:\/\/dikoweb.de\/index.php?rest_route=%2Fwp%2Fv2%2Fmedia&parent=367"}],"wp:term":[{"taxonomy":"category","embeddable":true,"href":"https:\/\/dikoweb.de\/index.php?rest_route=%2Fwp%2Fv2%2Fcategories&post=367"},{"taxonomy":"post_tag","embeddable":true,"href":"https:\/\/dikoweb.de\/index.php?rest_route=%2Fwp%2Fv2%2Ftags&post=367"}],"curies":[{"name":"wp","href":"https:\/\/api.w.org\/{rel}","templated":true}]}}