{"id":3747,"date":"2024-12-12T14:25:54","date_gmt":"2024-12-12T14:25:54","guid":{"rendered":"https:\/\/dikoweb.de\/?p=3747"},"modified":"2024-12-12T14:47:17","modified_gmt":"2024-12-12T14:47:17","slug":"meine-meinung","status":"publish","type":"post","link":"https:\/\/dikoweb.de\/?p=3747","title":{"rendered":"Meine Meinung"},"content":{"rendered":"\n<p class=\"wp-block-paragraph\">Politische L\u00fcgen kennen wir in erster Linie aus autokratisch gef\u00fchrten L\u00e4ndern und vom \u201efat orange man\u201c (<a href=\"https:\/\/www.youtube.com\/watch?v=W1b8LNnCElU\" target=\"_blank\" rel=\"noreferrer noopener\">Rob Tognoni<\/a>) Donald Trump.<\/p>\n\n\n\n<p class=\"has-black-color has-text-color has-link-color wp-elements-4c293e6afcd7e2a0b44fa8c81f09c25b wp-block-paragraph\">Neben BILD, nuis und Konsorten reiht sich die <strong>F<\/strong>ast-<strong>D<\/strong>rei-<strong>P<\/strong>rozent-Partei nun auch dort ein. So behauptete der (jetzt ehemalige) Generalsekret\u00e4r Bijan Djir-Sarai der Begriff \u201eD-Day\u201c sei in Bezug auf einen Bruch der Ampel-Koalition nicht gefallen. \u201e<em>Dieser Begriff ist nicht benutzt worden<\/em>\u201c, betonte er in einem Interview mit dem TV-Sender <em>n-tv<\/em>. Das diese Aussage falsch ist, wissen wir sp\u00e4testens nach der Ver\u00f6ffentlichung des Papiers \u201e<a href=\"https:\/\/cdn.prod.www.spiegel.de\/media\/65022866-0239-405e-a2cd-1b32a631579e\/ablaufszenarien_051124.pdf\">D-Day Ablaufszenarien und Ma\u00dfnahmen<\/a>\u201c. Djir-Sarai wurde letztlich zugunsten des Parteichefs Christian Lindner geopfert, ebenso wie der Bundesgesch\u00e4ftsf\u00fchrer Carsten Reymann, ein enger Vertrauter Lindners. <\/p>\n\n\n\n<p class=\"has-black-color has-text-color has-link-color wp-elements-105664f5d76adce77166e7d78977fc49 wp-block-paragraph\">Und CL? Der wusste angeblich von nix und inszeniert sich jetzt als Opfer der Medien [ob es daf\u00fcr wohl auch ein Papier aus der FDP-Zentrale gibt?], weil diese sich nun endlich mal kritisch mit dem Porschefahrer auseinandersetzen, und sieht sich \u201e<em>Hagelschauer mit faustgro\u00dfen Hagelk\u00f6rnern<\/em>\u201c ausgesetzt.  <a href=\"#_ftn1\" id=\"_ftnref1\">[1]<\/a> Anscheinend erreicht der Klimawandel auch die FDP&#8230;<\/p>\n\n\n\n<figure class=\"wp-block-image size-full\"><img loading=\"lazy\" decoding=\"async\" width=\"980\" height=\"618\" src=\"https:\/\/dikoweb.de\/wp-content\/uploads\/2024\/12\/Lindner-Porsche-w-980-aus-Badischer-Zeitung-vom-26.07.2022.jpg\" alt=\"\" class=\"wp-image-3757\" srcset=\"https:\/\/dikoweb.de\/wp-content\/uploads\/2024\/12\/Lindner-Porsche-w-980-aus-Badischer-Zeitung-vom-26.07.2022.jpg 980w, https:\/\/dikoweb.de\/wp-content\/uploads\/2024\/12\/Lindner-Porsche-w-980-aus-Badischer-Zeitung-vom-26.07.2022-300x189.jpg 300w, https:\/\/dikoweb.de\/wp-content\/uploads\/2024\/12\/Lindner-Porsche-w-980-aus-Badischer-Zeitung-vom-26.07.2022-768x484.jpg 768w, https:\/\/dikoweb.de\/wp-content\/uploads\/2024\/12\/Lindner-Porsche-w-980-aus-Badischer-Zeitung-vom-26.07.2022-900x568.jpg 900w\" sizes=\"auto, (max-width: 980px) 100vw, 980px\" \/><figcaption class=\"wp-element-caption\">Foto: Klaus Stuttmann, aus: <a href=\"https:\/\/www.badische-zeitung.de\/klares-dementi-von-lindner\" target=\"_blank\" rel=\"noreferrer noopener\">Badische Zeitung vom 26.07.2022<\/a><\/figcaption><\/figure>\n\n\n\n<p class=\"has-black-color has-text-color has-link-color wp-elements-c96d46df6fe2f7c642a1941ee6dc3503 wp-block-paragraph\">In der Reihe der Unwissenden darf nat\u00fcrlich auch Wolfgang Kubicki, seines Zeichen Vizepr\u00e4sident des Deutschen Bundestags, nicht fehlen. Bezeichnete er doch die Recherchen von <em>S\u00fcddeutscher Zeitung<\/em> und <em>Zeit<\/em> \u00fcber die Inszenierung des Ampel-Aus als \u201eM\u00e4rchen\u201c. \u201e<em>Ich halte das f\u00fcr eine glatte L\u00fcge. Ich kann definitiv ausschlie\u00dfen, dass die Information stimmt<\/em>\u201c, sagte Kubicki im Podcast des Portals\u00a0<em>The Pioneer <\/em>laut <a href=\"https:\/\/www.fr.de\/politik\/fdp-d-day-papier-ampel-koalition-bruch-luege-lindner-sarai-brandmann-ruecktritt-kubicki-93440236.html\">FR<\/a>.<\/p>\n\n\n\n<p class=\"wp-block-paragraph\">Ob da wohl der FDP-Vize, der sich gern \u201e<em>in der Rolle des Machos und Rechthabers gef\u00e4llt<\/em>\u201c und \u201e<em>der andernorts gerne die politische Kultur beschw\u00f6rt<\/em>\u201c (<a href=\"https:\/\/www.berliner-kurier.de\/politik-wirtschaft\/skandal-interview-kubicki-trinkt-gerne-schon-mittags-beleidigt-einen-kollegen-und-gibt-corona-verstoesse-zu-li.184396\">Berliner Kurier<\/a>), m\u00f6glicherweise gelogen hat?<\/p>\n\n\n\n<p class=\"wp-block-paragraph\">Mittlerweile r\u00e4umt Kubicki Fehler ein. \u201e<em>Ich bekenne mich schuldig. Ich wollte das Ende dieser Koalition, deren Gew\u00fcrge unserer Wirtschaft und unserem Ansehen massiv geschadet hat.<\/em> (&#8230;)\u201c. \u201e<em>Mir ist es v\u00f6llig egal, wie es zu Ende ging. Ich bin froh, dass es zu Ende ist und wir endlich was Neues beginnen k\u00f6nnen<\/em>\u201c, schrieb Kubicki, \u201e<em>der charakterlose Recke des Unrechts<\/em>\u201c (<a href=\"https:\/\/taz.de\/Die-Wahrheit\/!5823841\/\">taz<\/a>), auf der <a href=\"https:\/\/x.com\/KubickiWo\/status\/1862411081143972339\">Plattform X<\/a>.<\/p>\n\n\n\n<p class=\"wp-block-paragraph\">Trotz vieler Kritik aus den eigenen Reihen, die aus Angst vor parteiinternen Konsequenzen, oft anonym ge\u00e4u\u00dfert wird, h\u00e4lt man in der FDP an CL fest. Einer spricht die Gr\u00fcnde mal offen aus:<\/p>\n\n\n\n<p class=\"wp-block-paragraph\">\u201e<em>Christian Lindner auszutauschen, geht jetzt de facto nicht mehr, er ist das einzige Gesicht der Partei. F\u00fcr einen Wechsel reicht die Zeit nicht. Ansonsten, mit mehr Zeit: sehr gerne.<\/em>\u201c So&nbsp; der Vorsitzende des FDP-Ortsverbands Bad Segeberg, Uwe Henn, im SPIEGEL vom 07.12.2024.<\/p>\n\n\n\n<p class=\"wp-block-paragraph\">Ich hoffe, dass die Enth\u00fcllungen um den geplanten \u201eD-Day\u201c den Absturz der FDP weiter beschleunigt und wir endlich von dieser unsozialen Bremserpartei auf bundespolitischer Ebene \u201ebefreit\u201c werden, wie Ole Nymoen hofft:<\/p>\n\n\n\n<blockquote class=\"wp-block-quote is-layout-flow wp-block-quote-is-layout-flow\">\n<p class=\"wp-block-paragraph\" style=\"font-style:normal;font-weight:600\"><strong><em>In knapp zweieinhalb Monaten k\u00f6nnte es daher so weit sein, dass die FDP ihren ganz eigenen D-Day erlebt. Dann n\u00e4mlich, wenn wir von ihr befreit werden.<\/em><\/strong><\/p>\n<\/blockquote>\n\n\n\n<p class=\"wp-block-paragraph\">[Ole Nymoen ist Kolumnist bei <a href=\"https:\/\/jacobin.de\/artikel\/fdp-christian-lindner-caren-miosga-d-day\">JACOBIN<\/a> und betreibt den Wirtschaftspodcast&nbsp;Wohlstand f\u00fcr Alle]<\/p>\n\n\n\n<hr class=\"wp-block-separator has-alpha-channel-opacity\"\/>\n\n\n\n<p class=\"wp-block-paragraph\"><a href=\"#_ftnref1\" id=\"_ftn1\">[1]<\/a> Christian Lindner im ARD-Talk mit Caren Miosga am 1. Dezember 2024<\/p>\n","protected":false},"excerpt":{"rendered":"<p>Politische L\u00fcgen kennen wir in erster Linie aus autokratisch gef\u00fchrten L\u00e4ndern und vom \u201efat orange man\u201c (Rob Tognoni) Donald Trump. Neben BILD, nuis und Konsorten reiht sich die Fast-Drei-Prozent-Partei nun auch dort ein. So behauptete der (jetzt ehemalige) Generalsekret\u00e4r Bijan Djir-Sarai der Begriff \u201eD-Day\u201c sei in Bezug auf einen Bruch der Ampel-Koalition nicht gefallen. \u201eDieser [&hellip;]<\/p>\n","protected":false},"author":2,"featured_media":0,"comment_status":"closed","ping_status":"open","sticky":false,"template":"","format":"standard","meta":{"_crdt_document":"","footnotes":""},"categories":[1,5],"tags":[100,99,98,101],"class_list":["post-3747","post","type-post","status-publish","format-standard","hentry","category-uncategorized","category-politik","tag-christian-lindner","tag-d-day","tag-fdp","tag-luege"],"_links":{"self":[{"href":"https:\/\/dikoweb.de\/index.php?rest_route=\/wp\/v2\/posts\/3747","targetHints":{"allow":["GET"]}}],"collection":[{"href":"https:\/\/dikoweb.de\/index.php?rest_route=\/wp\/v2\/posts"}],"about":[{"href":"https:\/\/dikoweb.de\/index.php?rest_route=\/wp\/v2\/types\/post"}],"author":[{"embeddable":true,"href":"https:\/\/dikoweb.de\/index.php?rest_route=\/wp\/v2\/users\/2"}],"replies":[{"embeddable":true,"href":"https:\/\/dikoweb.de\/index.php?rest_route=%2Fwp%2Fv2%2Fcomments&post=3747"}],"version-history":[{"count":11,"href":"https:\/\/dikoweb.de\/index.php?rest_route=\/wp\/v2\/posts\/3747\/revisions"}],"predecessor-version":[{"id":3759,"href":"https:\/\/dikoweb.de\/index.php?rest_route=\/wp\/v2\/posts\/3747\/revisions\/3759"}],"wp:attachment":[{"href":"https:\/\/dikoweb.de\/index.php?rest_route=%2Fwp%2Fv2%2Fmedia&parent=3747"}],"wp:term":[{"taxonomy":"category","embeddable":true,"href":"https:\/\/dikoweb.de\/index.php?rest_route=%2Fwp%2Fv2%2Fcategories&post=3747"},{"taxonomy":"post_tag","embeddable":true,"href":"https:\/\/dikoweb.de\/index.php?rest_route=%2Fwp%2Fv2%2Ftags&post=3747"}],"curies":[{"name":"wp","href":"https:\/\/api.w.org\/{rel}","templated":true}]}}