{"id":414,"date":"2017-02-13T18:12:36","date_gmt":"2017-02-13T17:12:36","guid":{"rendered":"http:\/\/dikoweb.de\/blog\/?p=414"},"modified":"2024-12-18T23:14:47","modified_gmt":"2024-12-18T23:14:47","slug":"eine-gemuesekulturgeschichte","status":"publish","type":"post","link":"https:\/\/dikoweb.de\/?p=414","title":{"rendered":"Eine Gem\u00fcsekulturgeschichte"},"content":{"rendered":"\n<p class=\"wp-block-paragraph\">Tja, um welches Gem\u00fcse k\u00f6nnte es sich hier handeln..?<\/p>\n\n\n\n<blockquote class=\"wp-block-quote is-layout-flow wp-block-quote-is-layout-flow\"><div class=\"wp-block-image\">\n<figure class=\"alignleft size-full\"><img loading=\"lazy\" decoding=\"async\" width=\"200\" height=\"325\" src=\"https:\/\/dikoweb.de\/wp-content\/uploads\/2017\/02\/artischocke.jpg\" alt=\"\" class=\"wp-image-4040\" srcset=\"https:\/\/dikoweb.de\/wp-content\/uploads\/2017\/02\/artischocke.jpg 200w, https:\/\/dikoweb.de\/wp-content\/uploads\/2017\/02\/artischocke-185x300.jpg 185w\" sizes=\"auto, (max-width: 200px) 100vw, 200px\" \/><\/figure>\n<\/div>\n\n\n<p class=\"wp-block-paragraph\">Marc Lescarbot, ein Anwalt, der mehrere Monate in Akadien verbringt, ver\u00f6ffentlicht eine Geschichte von Neufrankreich,<span class=\"Apple-converted-space\">&nbsp;<\/span><em>Histoire de la Nouvelle-France<\/em>, die gro\u00dfen Anklang findet. Auch er beschreibt die Sitten und Gebr\u00e4uche der \u00abWilden\u00bb dieser n\u00f6rdlichen Regionen, die damals noch weniger bekannt sind als die Einwohner S\u00fcdamerikas: \u201e<em>Die Indianer geben ihr den weich klingenden Namen<span class=\"Apple-converted-space\">&nbsp;<\/span>chiquebi, erkl\u00e4rt er, doch er wolle sie<span class=\"Apple-converted-space\">&nbsp;<\/span>canada<span class=\"Apple-converted-space\">&nbsp;<\/span>nennen, zu Ehren ihres Ursprungslandes. Aber, ach\u200a!, in Frankreich werden sie \u00abWaln\u00fcsse der Erde\u00bb, Tr\u00fcffeln oder gar Kartoffeln beziehungsweise kanadische Artischocken getauft.<\/em><\/p>\n\n\n\n<p class=\"wp-block-paragraph\">Diese wenigen Beispiele zeigen, wie schwer man sich mit der Klassifizierung der Pflanze tut. Ihre Herkunft erzeugt kaum weniger Verwirrung. In der Zwischenzeit kommt die Wurzel herum und breitet sich aus. Sie gelangt nach Holland und Deutschland und wird im Jahr 1616 in den G\u00e4rten des Kardinals Farnese bei Rom angebaut. Der Italiener Fabio Colonna identifiziert sie zwar als<span class=\"Apple-converted-space\">&nbsp;<\/span>helianthus, siedelt ihre Herkunft jedoch in Peru an, wie die der Kartoffel. Ein weiterer Botaniker, der Schweizer Gaspard Bauhin, ordnet sie wohl den Kanadiern zu, verwandelt sie jedoch in ein<span class=\"Apple-converted-space\">&nbsp;<\/span>chrysanthemum. Dieses seltsame Ding \u2013 unf\u00f6rmig, runzlig, ins Lila gehend \u2013 hat weder einen festen Namen noch eine klar umrissene Herkunft.\u201c<\/p>\n<\/blockquote>\n\n\n\n<p class=\"impress wp-block-paragraph\">Nein, es ist nicht die im Titel vorkommende Artischocke, vielmehr geht es um den\u2026? Wer mehr zur Geschichte dieses Gem\u00fcses und anderer, bekannter oder in Vergessenheit geratener Gem\u00fcsesorten lesen m\u00f6chte, begebe sich in die \u201eGem\u00fcsekulturgeschichte\u201c von <a href=\"http:\/\/www.hanser-literaturverlage.de\/autor\/evelyne-bloch-dano\/\" target=\"_blank\" rel=\"noopener noreferrer\"><em>Evelyne Bloch-Dano, Die Sehnsucht im Herzen der Artischocke<\/em>, 2013 bei Nagel &amp; Kimche im Carl Hanser Verlag M\u00fcnchen<\/a> erschienen.<\/p>\n\n\n\n<p class=\"subtitle wp-block-paragraph\">&nbsp;Wer auf den \u201e<em>Geschmack<\/em>\u201c gekommen ist, findet in den beiden folgenden B\u00fcchern wertvolle Erg\u00e4nzungen:<\/p>\n\n\n\n<ul class=\"wp-block-list\">\n<li>Paul Freedman (Hg.):<span class=\"Apple-converted-space\">\u00a0<\/span><em>Essen. Eine Kulturgeschichte des Geschmacks.<\/em><span class=\"Apple-converted-space\">\u00a0<\/span>Darmstadt 2007<\/li>\n\n\n\n<li>Martina Tschirner:<span class=\"Apple-converted-space\">\u00a0<\/span><em>Pastinaken &amp; Co. Von fast vergessenen und l\u00e4ngst bekannten Gem\u00fcsesorten.<\/em><span class=\"Apple-converted-space\">\u00a0<\/span>Neustadt an der Weinstra\u00dfe 2008.<\/li>\n<\/ul>\n","protected":false},"excerpt":{"rendered":"<p>Tja, um welches Gem\u00fcse k\u00f6nnte es sich hier handeln..? Nein, es ist nicht die im Titel vorkommende Artischocke, vielmehr geht es um den\u2026? Wer mehr zur Geschichte dieses Gem\u00fcses und anderer, bekannter oder in Vergessenheit geratener Gem\u00fcsesorten lesen m\u00f6chte, begebe sich in die \u201eGem\u00fcsekulturgeschichte\u201c von Evelyne Bloch-Dano, Die Sehnsucht im Herzen der Artischocke, 2013 bei [&hellip;]<\/p>\n","protected":false},"author":2,"featured_media":0,"comment_status":"closed","ping_status":"closed","sticky":false,"template":"","format":"standard","meta":{"_crdt_document":"","footnotes":""},"categories":[37,6],"tags":[228,229,227],"class_list":["post-414","post","type-post","status-publish","format-standard","hentry","category-ernaehrung","category-literatur","tag-gemuese","tag-geschichte","tag-kultur"],"_links":{"self":[{"href":"https:\/\/dikoweb.de\/index.php?rest_route=\/wp\/v2\/posts\/414","targetHints":{"allow":["GET"]}}],"collection":[{"href":"https:\/\/dikoweb.de\/index.php?rest_route=\/wp\/v2\/posts"}],"about":[{"href":"https:\/\/dikoweb.de\/index.php?rest_route=\/wp\/v2\/types\/post"}],"author":[{"embeddable":true,"href":"https:\/\/dikoweb.de\/index.php?rest_route=\/wp\/v2\/users\/2"}],"replies":[{"embeddable":true,"href":"https:\/\/dikoweb.de\/index.php?rest_route=%2Fwp%2Fv2%2Fcomments&post=414"}],"version-history":[{"count":1,"href":"https:\/\/dikoweb.de\/index.php?rest_route=\/wp\/v2\/posts\/414\/revisions"}],"predecessor-version":[{"id":4042,"href":"https:\/\/dikoweb.de\/index.php?rest_route=\/wp\/v2\/posts\/414\/revisions\/4042"}],"wp:attachment":[{"href":"https:\/\/dikoweb.de\/index.php?rest_route=%2Fwp%2Fv2%2Fmedia&parent=414"}],"wp:term":[{"taxonomy":"category","embeddable":true,"href":"https:\/\/dikoweb.de\/index.php?rest_route=%2Fwp%2Fv2%2Fcategories&post=414"},{"taxonomy":"post_tag","embeddable":true,"href":"https:\/\/dikoweb.de\/index.php?rest_route=%2Fwp%2Fv2%2Ftags&post=414"}],"curies":[{"name":"wp","href":"https:\/\/api.w.org\/{rel}","templated":true}]}}