{"id":419,"date":"2017-02-14T18:25:16","date_gmt":"2017-02-14T17:25:16","guid":{"rendered":"http:\/\/dikoweb.de\/blog\/?p=419"},"modified":"2024-12-18T22:37:23","modified_gmt":"2024-12-18T22:37:23","slug":"lernen-und-vorurteile","status":"publish","type":"post","link":"https:\/\/dikoweb.de\/?p=419","title":{"rendered":"Lernen und Vorurteile"},"content":{"rendered":"\n<blockquote class=\"wp-block-quote is-layout-flow wp-block-quote-is-layout-flow\"><div class=\"wp-block-image\">\n<figure class=\"alignleft size-full\"><img loading=\"lazy\" decoding=\"async\" width=\"200\" height=\"285\" src=\"https:\/\/dikoweb.de\/wp-content\/uploads\/2017\/02\/einBlick.jpg\" alt=\"\" class=\"wp-image-4004\"\/><\/figure>\n<\/div>\n\n\n<p class=\"wp-block-paragraph\"><em>Das Lernen am Modell durch Imitation der \u00c4lteren kann aber auch Nachteile haben, indem es durch Nachplappern ohne Reflexion zur Entstehung von Vorurteilen beitr\u00e4gt. Auch das assoziative<\/em> <em>Lernen am Einzelfall\u2013in der unreflektierten Abfolge von Reiz, Assoziation, Reaktion und Ged\u00e4chtnis \u2013kann schnell bleibende Akzente setzen und zur Quelle von Vorurteilen werden. Besonders anf\u00e4llig <\/em><em>in dieser Hinsicht sind kreationistische Erkl\u00e4rungsmuster der Welt in Kombination mit dem Gef\u00fchl der subjektiven Wahrheit, das in uns steckt.Aus einer solchen Mischung entstehen dann leicht die Weltbilder, auf deren Basis Ideologien, religi\u00f6ser Extremismus und Ausgrenzungen in Erscheinung treten k\u00f6nnen.<\/em><\/p>\n\n\n\n<p class=\"wp-block-paragraph\"><em>Erwachsene glauben von sich oft, dass sie die Vorurteile ihrer Kindheit und Jugend \u00fcberwunden haben. Bei n\u00e4herer Betrachtung ist dies aber h\u00e4ufig ein Irrtum. Hier nur einige Beispiele f\u00fcr Vorurteile, <\/em><em>die darauf hinauslaufen, dass Menschen verschiedener Herkunft sehr unterschiedlich sind: In Medizinerkreisen ist das Konzept des\u201eMorbus sicilianus\u201c beliebt, das S\u00fcdeurop\u00e4ern (Prototyp: <\/em><em>Sizilianer) eine histrionische Pers\u00f6nlichkeit mit erh\u00f6hter Schmerzempfindlichkeit bzw. extrovertierter Ausgestaltung des eigenen Leidens zuschreibt. \u201ePreu\u00dfen\u201cordnen Bayern einen vom eigenen&nbsp; deutlich verschiedenen \u201enationalen Charakter\u201c zu. S\u00fcdbadener sehen sich in scharfem Kontrast zu Schwaben, Berliner und Hamburger empfinden sich gegenseitig als sehr verschieden. K\u00f6lner und <\/em><em>D\u00fcsseldorfer, Mainzer und Wiesbadener\u2013h\u00e4ufig wird der Gruppenunterschied betont und nicht nur an Fastnacht oder Karneval gepflegt.<\/em><\/p>\n\n\n\n<p class=\"wp-block-paragraph\"><em>Die Frage, ob es solche Unterschiede in den\u201enationalen Charakteren\u201c tats\u00e4chlich gibt oder ob es sich dabei um klassische Vorurteile handelt, wurde in 49 verschiedenen Nationen und Kulturkreisen untersucht (Terracciano et al. 2005), und das Ergebnis war verbl\u00fcffend: Der nationale Charakter in den weltweit untersuchten Nationenen l\u00e4sst sich nicht mithilfe von Pers\u00f6nlichkeitsz\u00fcgen unterscheiden. Die Idee, dass sich die Pers\u00f6nlichkeit des Hamburgers von derjenigen des Berliners unterscheidet oder diejenige des Indonesiers von derjenigen des Polen, entbehrt jeglicher wissenschaftlicher Evidenz.<\/em>\u201e<\/p>\n<\/blockquote>\n\n\n\n<p class=\"wp-block-paragraph\"><em>aus: Dieter F. Braus, EinBlick ins Gehirn. Eine andere Einf\u00fchrung in die Psychiatrie (2004)<\/em><\/p>\n","protected":false},"excerpt":{"rendered":"<p>aus: Dieter F. Braus, EinBlick ins Gehirn. Eine andere Einf\u00fchrung in die Psychiatrie (2004)<\/p>\n","protected":false},"author":2,"featured_media":0,"comment_status":"closed","ping_status":"closed","sticky":false,"template":"","format":"standard","meta":{"_crdt_document":"","footnotes":""},"categories":[1],"tags":[208,207],"class_list":["post-419","post","type-post","status-publish","format-standard","hentry","category-uncategorized","tag-gehirn","tag-psychiatrie"],"_links":{"self":[{"href":"https:\/\/dikoweb.de\/index.php?rest_route=\/wp\/v2\/posts\/419","targetHints":{"allow":["GET"]}}],"collection":[{"href":"https:\/\/dikoweb.de\/index.php?rest_route=\/wp\/v2\/posts"}],"about":[{"href":"https:\/\/dikoweb.de\/index.php?rest_route=\/wp\/v2\/types\/post"}],"author":[{"embeddable":true,"href":"https:\/\/dikoweb.de\/index.php?rest_route=\/wp\/v2\/users\/2"}],"replies":[{"embeddable":true,"href":"https:\/\/dikoweb.de\/index.php?rest_route=%2Fwp%2Fv2%2Fcomments&post=419"}],"version-history":[{"count":1,"href":"https:\/\/dikoweb.de\/index.php?rest_route=\/wp\/v2\/posts\/419\/revisions"}],"predecessor-version":[{"id":4006,"href":"https:\/\/dikoweb.de\/index.php?rest_route=\/wp\/v2\/posts\/419\/revisions\/4006"}],"wp:attachment":[{"href":"https:\/\/dikoweb.de\/index.php?rest_route=%2Fwp%2Fv2%2Fmedia&parent=419"}],"wp:term":[{"taxonomy":"category","embeddable":true,"href":"https:\/\/dikoweb.de\/index.php?rest_route=%2Fwp%2Fv2%2Fcategories&post=419"},{"taxonomy":"post_tag","embeddable":true,"href":"https:\/\/dikoweb.de\/index.php?rest_route=%2Fwp%2Fv2%2Ftags&post=419"}],"curies":[{"name":"wp","href":"https:\/\/api.w.org\/{rel}","templated":true}]}}