{"id":4292,"date":"2025-01-20T12:06:57","date_gmt":"2025-01-20T12:06:57","guid":{"rendered":"https:\/\/dikoweb.de\/?p=4292"},"modified":"2025-01-20T12:19:59","modified_gmt":"2025-01-20T12:19:59","slug":"faschist-wird-erneut-praesident","status":"publish","type":"post","link":"https:\/\/dikoweb.de\/?p=4292","title":{"rendered":"Faschist wird erneut Pr\u00e4sident"},"content":{"rendered":"<div class=\"wp-block-image\">\n<figure class=\"alignleft size-full is-resized\"><img loading=\"lazy\" decoding=\"async\" width=\"341\" height=\"350\" src=\"https:\/\/dikoweb.de\/wp-content\/uploads\/2025\/01\/trump-by-ann-telnaes.jpg\" alt=\"\" class=\"wp-image-4301\" style=\"width:256px;height:auto\" srcset=\"https:\/\/dikoweb.de\/wp-content\/uploads\/2025\/01\/trump-by-ann-telnaes.jpg 341w, https:\/\/dikoweb.de\/wp-content\/uploads\/2025\/01\/trump-by-ann-telnaes-292x300.jpg 292w\" sizes=\"auto, (max-width: 341px) 100vw, 341px\" \/><figcaption class=\"wp-element-caption\">Trump by Ann Telnaes<\/figcaption><\/figure>\n<\/div>\n\n\n<p class=\"wp-block-paragraph\">Ein unberechenbarer, durchgeknallter Straft\u00e4ter, Steuerhinterzieher, chronischer L\u00fcgner und <a href=\"https:\/\/www.fr.de\/politik\/donald-trump-usa-ausschuss-veroeffentlicht-abschlussbericht-zum-sturm-auf-us-kapitol-91992370.html\" target=\"_blank\" rel=\"noreferrer noopener\">Volksverhetzer<\/a>, den die ehemalige amerikanische Vizepr\u00e4sidentin Kamala Harris im Oktober als &#8222;<a href=\"https:\/\/dikoweb.de\/?p=4292\">Faschist<\/a>&#8220; bezeichnete, zieht erneut in Wei\u00dfe Haus ein. Wie tief ist die amerikanische Gesellschaft gesunken? Was bedeutet das f\u00fcr uns in Europa?<\/p>\n\n\n\n<p class=\"wp-block-paragraph\">Der Politikwissenschatler <a href=\"https:\/\/de.wikipedia.org\/wiki\/Claus_Leggewie\" target=\"_blank\" rel=\"noreferrer noopener\">Claus Leggewie<\/a> hat in der deutschen Ausgabe vom &#8222;<em>Rolling Stone<\/em>&#8220; im November 2024 seine Meinung zur Wahl von Trump dargelegt. Hier ein Auszug:<\/p>\n\n\n\n<blockquote class=\"wp-block-quote is-layout-flow wp-block-quote-is-layout-flow\">\n<p class=\"wp-block-paragraph\">[&#8230;] Eine mitleidlose Oligarchie, verst\u00e4rkt durch eine dubiose Riege Superreicher, hat die \u201eSorgen und N\u00f6te der kleinen Leute\u201c, die unter Preissteigerungen, Suchtproblemen und schlechten Arbeitsbedingungen leiden, in einen nach rechts verschobenen Klassenkampf kanalisiert. [&#8230;]<\/p>\n\n\n\n<p class=\"wp-block-paragraph\">Eine frivole Versammlung von Milliard\u00e4ren, die solche Verh\u00e4ltnisse sozialer Ungleichheit und Ungerechtigkeit selbst erst hergestellt haben, konnten die (von ihnen!) Erniedrigten und Beleidigten hinter sich versammeln. Das kennt man doch \u2026 Ich wei\u00df, dass man in Deutschland das F-Wort vermeiden muss. Aber die Mischung aus verwirrten Gef\u00fchlen, gezielter Hetze gegen Minderheiten und Gewaltdrohung (das alles im Gewand einer toxischen M\u00e4nnlichkeit) war die Essenz des historischen Faschismus, dessen letzte Version wir nun Trumpismus nennen k\u00f6nnen.<\/p>\n\n\n\n<p class=\"wp-block-paragraph\"><strong>Verheerende Folgen f\u00fcr Europa<\/strong><\/p>\n\n\n\n<p class=\"wp-block-paragraph\">Europa stehen unruhige Jahre bevor. Die Zahl der Trump-Bewunderer und Opportunisten wird wachsen, man wird sich mit seiner Administration arrangieren. Trumps angek\u00fcndigter Deal mit Wladimir Putin wird die Ukraine ausliefern und weitere Gebiete der ehemaligen Sowjetunion ausliefern, Millionen weiterer Fl\u00fcchtlinge in die EU wandern lassen, unsere innere und \u00e4u\u00dfere Sicherheit essentiell bedrohen, der europ\u00e4ischen Industrie massiven Schaden zuf\u00fcgen und die Klima- und Umweltpolitik ins dritte Glied schieben. <\/p>\n\n\n\n<p class=\"wp-block-paragraph\">Damit steht auch in den zwei- und dritt\u00e4ltesten Verfassungsstaaten die liberale Demokratie zur Disposition. Dagegen muss man entschieden Widerstand leisten und sich auf eine Art Guerilla-Demokratie einstellen. Wenn man jetzt die Hoffnung aufg\u00e4be, w\u00e4re Trumps Triumph perfekt. Worin das Goldene Zeitalter bestehen soll, das Trump nun angek\u00fcndigt hat, bleibt schleierhaft. Mit dieser Wahl d\u00fcrfte sich Amerika als wirtschaftliche, politische und kulturelle Weltmacht verabschiedet haben und den Staffelstab an China und den Globalen S\u00fcden \u00fcbergeben.<\/p>\n<\/blockquote>\n\n\n\n<p class=\"wp-block-paragraph\">Quelle: <a href=\"https:\/\/www.rollingstone.de\/wie-amerika-sich-selbst-und-uns-vernichtet-2840273\/\" target=\"_blank\" rel=\"noreferrer noopener\">Rolling Stone<\/a><\/p>\n","protected":false},"excerpt":{"rendered":"<p>Ein unberechenbarer, durchgeknallter Straft\u00e4ter, Steuerhinterzieher, chronischer L\u00fcgner und Volksverhetzer, den die ehemalige amerikanische Vizepr\u00e4sidentin Kamala Harris im Oktober als &#8222;Faschist&#8220; bezeichnete, zieht erneut in Wei\u00dfe Haus ein. Wie tief ist die amerikanische Gesellschaft gesunken? Was bedeutet das f\u00fcr uns in Europa? Der Politikwissenschatler Claus Leggewie hat in der deutschen Ausgabe vom &#8222;Rolling Stone&#8220; im November [&hellip;]<\/p>\n","protected":false},"author":2,"featured_media":0,"comment_status":"closed","ping_status":"open","sticky":false,"template":"","format":"standard","meta":{"_crdt_document":"","footnotes":""},"categories":[1,5],"tags":[304,108,8,265,7],"class_list":["post-4292","post","type-post","status-publish","format-standard","hentry","category-uncategorized","category-politik","tag-claus-leggewie","tag-faschist","tag-milliardaere","tag-politik","tag-trump"],"_links":{"self":[{"href":"https:\/\/dikoweb.de\/index.php?rest_route=\/wp\/v2\/posts\/4292","targetHints":{"allow":["GET"]}}],"collection":[{"href":"https:\/\/dikoweb.de\/index.php?rest_route=\/wp\/v2\/posts"}],"about":[{"href":"https:\/\/dikoweb.de\/index.php?rest_route=\/wp\/v2\/types\/post"}],"author":[{"embeddable":true,"href":"https:\/\/dikoweb.de\/index.php?rest_route=\/wp\/v2\/users\/2"}],"replies":[{"embeddable":true,"href":"https:\/\/dikoweb.de\/index.php?rest_route=%2Fwp%2Fv2%2Fcomments&post=4292"}],"version-history":[{"count":7,"href":"https:\/\/dikoweb.de\/index.php?rest_route=\/wp\/v2\/posts\/4292\/revisions"}],"predecessor-version":[{"id":4303,"href":"https:\/\/dikoweb.de\/index.php?rest_route=\/wp\/v2\/posts\/4292\/revisions\/4303"}],"wp:attachment":[{"href":"https:\/\/dikoweb.de\/index.php?rest_route=%2Fwp%2Fv2%2Fmedia&parent=4292"}],"wp:term":[{"taxonomy":"category","embeddable":true,"href":"https:\/\/dikoweb.de\/index.php?rest_route=%2Fwp%2Fv2%2Fcategories&post=4292"},{"taxonomy":"post_tag","embeddable":true,"href":"https:\/\/dikoweb.de\/index.php?rest_route=%2Fwp%2Fv2%2Ftags&post=4292"}],"curies":[{"name":"wp","href":"https:\/\/api.w.org\/{rel}","templated":true}]}}