{"id":4367,"date":"2025-01-26T14:10:00","date_gmt":"2025-01-26T14:10:00","guid":{"rendered":"https:\/\/dikoweb.de\/?p=4367"},"modified":"2025-01-30T17:32:31","modified_gmt":"2025-01-30T17:32:31","slug":"organ-der-niedertracht","status":"publish","type":"post","link":"https:\/\/dikoweb.de\/?p=4367","title":{"rendered":"Organ der Niedertracht"},"content":{"rendered":"\n<p class=\"wp-block-paragraph\">Traurig, wenn sich das Weltbild vieler Menschen hierzulande aus WELT und BILD zusammensetzt. Leider haben die rechtskonservativen Schreiberlinge immer noch viel zu viel Leser*innen, trotz R\u00fcckgangs der Verkaufszahlen und Aufrufen bei bild.de. Meine Verachtung f\u00fcr diese &#8222;Zeitung&#8220; ist seit Jahrzehnten konstant geblieben. Und dass nicht erst seit <a href=\"https:\/\/www.kiwi-verlag.de\/buch\/guenter-wallraff-der-aufmacher-9783462003215\" target=\"_blank\" rel=\"noreferrer noopener\">G\u00fcnter Wallraff&#8217;s Enth\u00fcllungen<\/a>. Das Blatt ist ein Synonym f\u00fcr Zynismus, Hetze, Menschenverachtung und billigstem Populismus.<\/p>\n\n\n\n<p class=\"wp-block-paragraph\">Leider meinen immer noch zu viele Politiker*innen sie d\u00fcrften ihre Kommentare diesem Hetzblatt nicht vorenthalten, da an \u201cBILD\u201d niemand vorbeik\u00e4me. Der Schriftsteller, Kolumnist und Musiker <a href=\"https:\/\/de.wikipedia.org\/wiki\/Max_Goldt\" target=\"_blank\" rel=\"noreferrer noopener\">Max Goldt<\/a> hat das mal trefflich auf den Punkt gebracht:<\/p>\n\n\n\n<div class=\"wp-block-group is-nowrap is-layout-flex wp-container-core-group-is-layout-8f761849 wp-block-group-is-layout-flex\">\n<blockquote class=\"wp-block-quote is-layout-flow wp-block-quote-is-layout-flow\">\n<p class=\"wp-block-paragraph\">\u201cDie Bild-Zeitung ist ein Organ der Niedertracht. Es ist falsch, sie zu lesen. Jemand, der zu dieser Zeitung beitr\u00e4gt, ist gesellschaftlich absolut inakzeptabel. Es w\u00e4re verfehlt, zu einem ihrer Redakteure freundlich oder auch nur h\u00f6flich zu sein. Man muss so unfreundlich zu ihnen sein, wie es das Gesetz gerade noch zul\u00e4\u00dft. Es sind schlechte Menschen, die Falsches tun\u201d (Max Goldt)<\/p>\n<\/blockquote>\n<\/div>\n\n\n<div class=\"wp-block-image\">\n<figure class=\"aligncenter size-full\"><img loading=\"lazy\" decoding=\"async\" width=\"452\" height=\"473\" src=\"https:\/\/dikoweb.de\/wp-content\/uploads\/2025\/01\/Bloed.jpg\" alt=\"\" class=\"wp-image-4381\" srcset=\"https:\/\/dikoweb.de\/wp-content\/uploads\/2025\/01\/Bloed.jpg 452w, https:\/\/dikoweb.de\/wp-content\/uploads\/2025\/01\/Bloed-287x300.jpg 287w\" sizes=\"auto, (max-width: 452px) 100vw, 452px\" \/><\/figure>\n<\/div>\n\n\n<p class=\"wp-block-paragraph\">In einem Beitrag im <a href=\"https:\/\/bildblog.de\/2696\/die-beispiellose-misserfolgsgeschichte-von-bild\/\" target=\"_blank\" rel=\"noreferrer noopener\">BILDblog<\/a> f\u00fchrte er weiter aus:<\/p>\n\n\n\n<blockquote class=\"wp-block-quote is-layout-flow wp-block-quote-is-layout-flow\">\n<p class=\"wp-block-paragraph\">Menschen, deren Konservativismus mehr umfa\u00dft als eine affig-modische Anti-68-Haltung, h\u00e4tten durchaus nicht weniger Anla\u00df als Linke, die \u201cBild\u201d-Zeitung, ihre jahrzehntelange Tradition im Versimpeln, Verbiegen und Verleumden, den Sexualklatsch und die pornografisch gestalteten Zuh\u00e4lteranzeigen abzulehnen. Solange deutsche Konservative es vers\u00e4umen, ihre Distanz zu diesem unseligen Milieu \u00f6ffentlich sch\u00e4rfstens deutlich machen, k\u00f6nnen sie mir mal im Mondschein begegnen.<\/p>\n<\/blockquote>\n\n\n\n<p class=\"wp-block-paragraph\">Ich widerspreche: denen m\u00f6chte ich trotzdem nicht mal im Mondschein begegnen.<\/p>\n\n\n\n<p class=\"wp-block-paragraph\"><\/p>\n","protected":false},"excerpt":{"rendered":"<p>Traurig, wenn sich das Weltbild vieler Menschen hierzulande aus WELT und BILD zusammensetzt. Leider haben die rechtskonservativen Schreiberlinge immer noch viel zu viel Leser*innen, trotz R\u00fcckgangs der Verkaufszahlen und Aufrufen bei bild.de. Meine Verachtung f\u00fcr diese &#8222;Zeitung&#8220; ist seit Jahrzehnten konstant geblieben. Und dass nicht erst seit G\u00fcnter Wallraff&#8217;s Enth\u00fcllungen. Das Blatt ist ein Synonym [&hellip;]<\/p>\n","protected":false},"author":2,"featured_media":0,"comment_status":"closed","ping_status":"open","sticky":false,"template":"","format":"standard","meta":{"_crdt_document":"","footnotes":""},"categories":[1,10,5],"tags":[311,312,234],"class_list":["post-4367","post","type-post","status-publish","format-standard","hentry","category-uncategorized","category-medien","category-politik","tag-bild","tag-max-goldt","tag-zitat"],"_links":{"self":[{"href":"https:\/\/dikoweb.de\/index.php?rest_route=\/wp\/v2\/posts\/4367","targetHints":{"allow":["GET"]}}],"collection":[{"href":"https:\/\/dikoweb.de\/index.php?rest_route=\/wp\/v2\/posts"}],"about":[{"href":"https:\/\/dikoweb.de\/index.php?rest_route=\/wp\/v2\/types\/post"}],"author":[{"embeddable":true,"href":"https:\/\/dikoweb.de\/index.php?rest_route=\/wp\/v2\/users\/2"}],"replies":[{"embeddable":true,"href":"https:\/\/dikoweb.de\/index.php?rest_route=%2Fwp%2Fv2%2Fcomments&post=4367"}],"version-history":[{"count":15,"href":"https:\/\/dikoweb.de\/index.php?rest_route=\/wp\/v2\/posts\/4367\/revisions"}],"predecessor-version":[{"id":4391,"href":"https:\/\/dikoweb.de\/index.php?rest_route=\/wp\/v2\/posts\/4367\/revisions\/4391"}],"wp:attachment":[{"href":"https:\/\/dikoweb.de\/index.php?rest_route=%2Fwp%2Fv2%2Fmedia&parent=4367"}],"wp:term":[{"taxonomy":"category","embeddable":true,"href":"https:\/\/dikoweb.de\/index.php?rest_route=%2Fwp%2Fv2%2Fcategories&post=4367"},{"taxonomy":"post_tag","embeddable":true,"href":"https:\/\/dikoweb.de\/index.php?rest_route=%2Fwp%2Fv2%2Ftags&post=4367"}],"curies":[{"name":"wp","href":"https:\/\/api.w.org\/{rel}","templated":true}]}}