{"id":4392,"date":"2025-01-26T15:12:00","date_gmt":"2025-01-26T15:12:00","guid":{"rendered":"https:\/\/dikoweb.de\/?p=4392"},"modified":"2025-01-22T15:14:26","modified_gmt":"2025-01-22T15:14:26","slug":"vergesst-unsere-namen-nicht","status":"publish","type":"post","link":"https:\/\/dikoweb.de\/?p=4392","title":{"rendered":"Vergesst unsere Namen nicht!"},"content":{"rendered":"<div class=\"wp-block-image\">\n<figure class=\"alignleft size-full is-resized\"><img loading=\"lazy\" decoding=\"async\" width=\"315\" height=\"500\" src=\"https:\/\/dikoweb.de\/wp-content\/uploads\/2025\/01\/Buch-Stranger-vergesst.jpg\" alt=\"\" class=\"wp-image-4394\" style=\"width:242px;height:auto\" srcset=\"https:\/\/dikoweb.de\/wp-content\/uploads\/2025\/01\/Buch-Stranger-vergesst.jpg 315w, https:\/\/dikoweb.de\/wp-content\/uploads\/2025\/01\/Buch-Stranger-vergesst-189x300.jpg 189w\" sizes=\"auto, (max-width: 315px) 100vw, 315px\" \/><\/figure>\n<\/div>\n\n\n<p class=\"wp-block-paragraph\">Simon Stranger wurde 1976 geboren und lebt mit seiner Familie in Oslo. Sein Roman &#8222;Vergesst unsere Namen nicht&#8220; war in Norwegen ein gro\u00dfer Erfolg und wurde in vierzehn L\u00e4nder verkauft.<\/p>\n\n\n\n<p class=\"wp-block-paragraph\">Simon Stranger erz\u00e4hlt darin die Geschichte der j\u00fcdischen Familie seiner Frau im von Nazi-Deutschland besetzten Norwegen. Jedes Buchkapitel beginnt mit einem Buchstaben und den passenden Worten, die sich daraus ergeben \u2013 von A wie Anklage bis Z wie Zugv\u00f6gel.<\/p>\n\n\n\n<p class=\"wp-block-paragraph\">Im Kapitel F ist der folgende Satz zu lesen:<\/p>\n\n\n\n<blockquote class=\"wp-block-quote is-layout-flow wp-block-quote-is-layout-flow\">\n<p class=\"wp-block-paragraph\"><em>F wie fr\u00fcher, die Vergangenheit, die es immer noch gibt, und wie der Faschismus, der sich hineinfrisst, wie ein Furunkel in die Kultur.<\/em><\/p>\n<\/blockquote>\n\n\n\n<p class=\"wp-block-paragraph\">Ein Furunkel, das nicht aufh\u00f6rt, sich in unsere Gesellschaft hineinzufressen. In einer Zeit, die von politischen und \u00f6konomischen Krisen gepr\u00e4gt ist, versuchen Rechtspopulisten mit vereinfachten Antworten, die aber der Komplexit\u00e4t der Probleme in keinster Weise gerecht werden, eine L\u00f6sung vorzugaukeln.<\/p>\n\n\n\n<blockquote class=\"wp-block-quote is-layout-flow wp-block-quote-is-layout-flow\">\n<p class=\"wp-block-paragraph\">Doch jene Partei, die sich Alternative nennt, ist dies nicht. Ganz und gar nicht. Sondern in Wahrheit der Feind unseres Landes; eine Partei, die Deutschland in die Isolation und Abschottung f\u00fchren und es damit all seiner Zukunft berauben w\u00fcrde. Eine Partei, die f\u00fcr rassistisches, v\u00f6lkisches, ausgrenzendes, kurz: faschistoides Gedankengut steht, das auf den M\u00fcllhaufen der Geschichte geh\u00f6rt und schon l\u00e4ngst dort liegen sollte. [<a href=\"https:\/\/kaffeehaussitzer.de\/simon-stranger-vergesst-unsere-namen-nicht\/#more-21756\" target=\"_blank\" rel=\"noreferrer noopener\">Quelle<\/a>]<\/p>\n<\/blockquote>\n\n\n\n<p class=\"wp-block-paragraph\"><a href=\"https:\/\/www.thalia.de\/shop\/home\/artikeldetails\/A1059412735\" target=\"_blank\" rel=\"noreferrer noopener\">Simon Stranger: <a href=\"https:\/\/www.luebbe.de\/eichborn\/buecher\/sonstige-belletristik\/vergesst-unsere-namen-nicht\/id_7229866\" target=\"_blank\" rel=\"noreferrer noopener\">\u201eVergesst unsere Namen nicht\u201c<\/a>, erschienen im Eichborn Verlag, in der \u00dcbersetzung aus dem Norwegischen von Thorsten Alms<\/a><br><a href=\"https:\/\/www.thalia.de\/shop\/home\/artikeldetails\/A1059412735\" target=\"_blank\" rel=\"noreferrer noopener\">350 Seiten<br>ISBN 978-3-8479-0072-6<\/a><\/p>\n\n\n\n<p class=\"wp-block-paragraph\">Eine Besprechung des Buches findet Ihr bei &#8222;<a href=\"https:\/\/zeichenundzeiten.com\/2019\/09\/10\/simon-stranger-vergesst-unsere-namen-nicht\/\" target=\"_blank\" rel=\"noreferrer noopener\">Zeichen und Zeiten<\/a>&#8222;<\/p>\n","protected":false},"excerpt":{"rendered":"<p>Simon Stranger wurde 1976 geboren und lebt mit seiner Familie in Oslo. Sein Roman &#8222;Vergesst unsere Namen nicht&#8220; war in Norwegen ein gro\u00dfer Erfolg und wurde in vierzehn L\u00e4nder verkauft. Simon Stranger erz\u00e4hlt darin die Geschichte der j\u00fcdischen Familie seiner Frau im von Nazi-Deutschland besetzten Norwegen. Jedes Buchkapitel beginnt mit einem Buchstaben und den passenden [&hellip;]<\/p>\n","protected":false},"author":2,"featured_media":0,"comment_status":"closed","ping_status":"open","sticky":false,"template":"","format":"standard","meta":{"_crdt_document":"","footnotes":""},"categories":[1,6,5],"tags":[131,229,315,316],"class_list":["post-4392","post","type-post","status-publish","format-standard","hentry","category-uncategorized","category-literatur","category-politik","tag-buchtipp","tag-geschichte","tag-rechtspopulismus","tag-simon-stranger"],"_links":{"self":[{"href":"https:\/\/dikoweb.de\/index.php?rest_route=\/wp\/v2\/posts\/4392","targetHints":{"allow":["GET"]}}],"collection":[{"href":"https:\/\/dikoweb.de\/index.php?rest_route=\/wp\/v2\/posts"}],"about":[{"href":"https:\/\/dikoweb.de\/index.php?rest_route=\/wp\/v2\/types\/post"}],"author":[{"embeddable":true,"href":"https:\/\/dikoweb.de\/index.php?rest_route=\/wp\/v2\/users\/2"}],"replies":[{"embeddable":true,"href":"https:\/\/dikoweb.de\/index.php?rest_route=%2Fwp%2Fv2%2Fcomments&post=4392"}],"version-history":[{"count":7,"href":"https:\/\/dikoweb.de\/index.php?rest_route=\/wp\/v2\/posts\/4392\/revisions"}],"predecessor-version":[{"id":4400,"href":"https:\/\/dikoweb.de\/index.php?rest_route=\/wp\/v2\/posts\/4392\/revisions\/4400"}],"wp:attachment":[{"href":"https:\/\/dikoweb.de\/index.php?rest_route=%2Fwp%2Fv2%2Fmedia&parent=4392"}],"wp:term":[{"taxonomy":"category","embeddable":true,"href":"https:\/\/dikoweb.de\/index.php?rest_route=%2Fwp%2Fv2%2Fcategories&post=4392"},{"taxonomy":"post_tag","embeddable":true,"href":"https:\/\/dikoweb.de\/index.php?rest_route=%2Fwp%2Fv2%2Ftags&post=4392"}],"curies":[{"name":"wp","href":"https:\/\/api.w.org\/{rel}","templated":true}]}}