{"id":467,"date":"2017-02-15T09:53:16","date_gmt":"2017-02-15T08:53:16","guid":{"rendered":"http:\/\/dikoweb.de\/blog\/?p=467"},"modified":"2024-12-13T00:00:50","modified_gmt":"2024-12-13T00:00:50","slug":"wolfgang-naura","status":"publish","type":"post","link":"https:\/\/dikoweb.de\/?p=467","title":{"rendered":"Wolfgang Naura"},"content":{"rendered":"\n<figure class=\"wp-block-image size-full\"><img loading=\"lazy\" decoding=\"async\" width=\"477\" height=\"239\" src=\"https:\/\/dikoweb.de\/wp-content\/uploads\/2017\/02\/mnaura-1.jpg\" alt=\"\" class=\"wp-image-3987\" srcset=\"https:\/\/dikoweb.de\/wp-content\/uploads\/2017\/02\/mnaura-1.jpg 477w, https:\/\/dikoweb.de\/wp-content\/uploads\/2017\/02\/mnaura-1-300x150.jpg 300w\" sizes=\"auto, (max-width: 477px) 100vw, 477px\" \/><\/figure>\n\n\n<p>Jazz war fr\u00fcher nicht meine bevorzugte Lieblingsmusik. Aber hin und wieder begegnete mir damals als leidenschaftlicher NDR-Radioh\u00f6rer der Name Michael Naura als Leiter der Jazz-Redaktion. Die Musik sprach mich nicht an, aber Naura hatte eine sehr angenehme Stimme und die Art seiner &#8222;Plauderei&#8220; gefiel mir.<\/p>\n<p>In sp\u00e4teren Jahren, als der Jazz l\u00e4ngst mein Herz und Interesse erobert hatte, habe ich mir in Berlin alles angeh\u00f6rt was Rang und Namen im Jazz hatte. Dazu geh\u00f6rte auch eine interessante <a title=\"Ph\u00f6nix voran\" href=\"https:\/\/www.youtube.com\/watch?v=6wSgratMvPk\" target=\"_blank\" rel=\"noopener noreferrer\">Kombination von Musik und Lesung<\/a>, ein Zusammenspiel aus Texten des 2008 verstorbenen Lyrikers Peter R\u00fchmkorff und der Musik von Michael Naura (Piano) und <a href=\"https:\/\/dikoweb.de\/main\/?p=944\">Wolfgang Schl\u00fcter<\/a> (Vibraphon).<\/p>\n<p>Diese Mischung hatte mich damals ziemlich fasziniert und so wurde meine Jazzsammlung mit &#8222;<a href=\"https:\/\/ecmreviews.com\/2010\/11\/17\/vanessa\/\" target=\"_blank\" rel=\"noopener noreferrer\">Vanessa<\/a>&#8220; , &#8222;<a href=\"https:\/\/ecmreviews.com\/2010\/12\/17\/country-children\/\" target=\"_blank\" rel=\"noopener noreferrer\">Country Children<\/a>&#8220; und &#8222;<a href=\"https:\/\/www.discogs.com\/de\/Peter-R%C3%BChmkorf-Michael-Naura-Wolfgang-Schl%C3%BCter-Eberhard-Weber-Kein-Apolloprogramm-F%C3%BCr-Lyrik\/release\/1265564\" target=\"_blank\" rel=\"noopener noreferrer\">Kein Apolloprogramm f\u00fcr Lyrik&#8220;<\/a>\u00a0 erweitert. Michael Naura liebte nicht nur den Jazz:<\/p>\n<blockquote>\n<p>Naura liebte Auseinandersetzungen. So handelte er sich beim NDR eine Abmahnung ein, weil er die auf H\u00f6rerquoten fixierte Programmpolitik seines Arbeitgebers im &#8222;Hamburger Abendblatt&#8220; brandmarkte. Einem Kritiker, der eine von Naura gesch\u00e4tzte Band verriss, schickte er per Post einen Schweinefu\u00df: &#8222;Das ist die Hand, die den Artikel geschrieben hat.&#8220; Eine Vernissage des malenden Hitler-Tagebuch-F\u00e4lschers Konrad Kujau st\u00fcrmte er mit dem Ruf &#8222;Nazis raus&#8220; und warf Hundekot in die Gulaschsuppe f\u00fcr die G\u00e4ste. Nauras Buch &#8222;Jazz &#8211; Toccata&#8220; hat den Untertitel &#8222;Ansichten und Attacken&#8220;. Aber er &#8222;sorgte daf\u00fcr, dass der Jazz in Deutschland Geh\u00f6r fand&#8220; (&#8222;FAZ&#8220;).<\/p>\n<p>Die Kehrseite des rauhbeinigen Nauras war hohe Sensibilit\u00e4t. So liebte er Tschechow &#8211; und Peter R\u00fchmkorf, den &#8222;Dichter, der wie ein Morgenschiff in mein Leben rauschte&#8220;. Keinen Menschen hat der Musiker mehr verehrt als den 2008 gestorbenen Lyriker. (<a href=\"http:\/\/www.spiegel.de\/kultur\/musik\/zum-tod-von-michael-naura-jazzmusiker-und-musikjournalist-a-1134600.html\" target=\"_blank\" rel=\"noopener noreferrer\">Hans Hielscher, Zum Tod von Michael Naura<\/a>)<\/p>\n<\/blockquote>\n<p>Michael Naura starb am 13. Februar 2017 im Alter von 82 Jahren.<\/p>\n<p><iframe loading=\"lazy\" title=\"Salvatore - Michael Naura Quintet (Frankfurt, 09-27-1974)\" width=\"629\" height=\"472\" src=\"https:\/\/www.youtube.com\/embed\/9RWbTHa4gTw?feature=oembed\" frameborder=\"0\" allow=\"accelerometer; autoplay; clipboard-write; encrypted-media; gyroscope; picture-in-picture; web-share\" referrerpolicy=\"strict-origin-when-cross-origin\" allowfullscreen><\/iframe><\/p>\n<p><span style=\"font-size: 10pt;\">Ausschnitt aus einem Konzert in der Kongresshalle, Frankfurt am Main, September 27, 1974<\/span><\/p>","protected":false},"excerpt":{"rendered":"<p>Jazz war fr\u00fcher nicht meine bevorzugte Lieblingsmusik. Aber hin und wieder begegnete mir damals als leidenschaftlicher NDR-Radioh\u00f6rer der Name Michael Naura als Leiter der Jazz-Redaktion. Die Musik sprach mich nicht an, aber Naura hatte eine sehr angenehme Stimme und die Art seiner &#8222;Plauderei&#8220; gefiel mir. In sp\u00e4teren Jahren, als der Jazz l\u00e4ngst mein Herz und [&hellip;]<\/p>\n","protected":false},"author":2,"featured_media":0,"comment_status":"closed","ping_status":"closed","sticky":false,"template":"","format":"standard","meta":{"_crdt_document":"","footnotes":""},"categories":[4],"tags":[47,200,13],"class_list":["post-467","post","type-post","status-publish","format-standard","hentry","category-musik","tag-jazz","tag-michael-naura","tag-r-i-p"],"_links":{"self":[{"href":"https:\/\/dikoweb.de\/index.php?rest_route=\/wp\/v2\/posts\/467","targetHints":{"allow":["GET"]}}],"collection":[{"href":"https:\/\/dikoweb.de\/index.php?rest_route=\/wp\/v2\/posts"}],"about":[{"href":"https:\/\/dikoweb.de\/index.php?rest_route=\/wp\/v2\/types\/post"}],"author":[{"embeddable":true,"href":"https:\/\/dikoweb.de\/index.php?rest_route=\/wp\/v2\/users\/2"}],"replies":[{"embeddable":true,"href":"https:\/\/dikoweb.de\/index.php?rest_route=%2Fwp%2Fv2%2Fcomments&post=467"}],"version-history":[{"count":1,"href":"https:\/\/dikoweb.de\/index.php?rest_route=\/wp\/v2\/posts\/467\/revisions"}],"predecessor-version":[{"id":3988,"href":"https:\/\/dikoweb.de\/index.php?rest_route=\/wp\/v2\/posts\/467\/revisions\/3988"}],"wp:attachment":[{"href":"https:\/\/dikoweb.de\/index.php?rest_route=%2Fwp%2Fv2%2Fmedia&parent=467"}],"wp:term":[{"taxonomy":"category","embeddable":true,"href":"https:\/\/dikoweb.de\/index.php?rest_route=%2Fwp%2Fv2%2Fcategories&post=467"},{"taxonomy":"post_tag","embeddable":true,"href":"https:\/\/dikoweb.de\/index.php?rest_route=%2Fwp%2Fv2%2Ftags&post=467"}],"curies":[{"name":"wp","href":"https:\/\/api.w.org\/{rel}","templated":true}]}}