{"id":4685,"date":"2025-02-12T00:08:00","date_gmt":"2025-02-11T23:08:00","guid":{"rendered":"https:\/\/dikoweb.de\/?p=4685"},"modified":"2025-02-11T00:20:42","modified_gmt":"2025-02-10T23:20:42","slug":"worst-of-fritze-merz","status":"publish","type":"post","link":"https:\/\/dikoweb.de\/?p=4685","title":{"rendered":"Worst of Fritze Merz"},"content":{"rendered":"\n<p class=\"wp-block-paragraph\">In zwei Wochen werden wohl die unchristlichen Parteien die Bundestagswahl gewinnen und den n\u00e4chsten Kanzler stellen. Der 12fache Million\u00e4r, ehemalige Lobbyist und Politpraktikant Friedrich Merz wird dann gem\u00e4\u00df Artikel 65 unseres Grundgesetzes die Richtlinien der Politik bestimmen.<\/p>\n\n\n\n<p class=\"wp-block-paragraph\">F.M. hat sich in den letzten 20 Jahren so <a href=\"https:\/\/politik.watson.de\/politik\/deutschland\/466039796-cdu-friedrich-merz-und-seine-fragwuerdigsten-aussagen-und-taten\" target=\"_blank\" rel=\"noreferrer noopener\">einiges an Aussagen geleistet<\/a>, die leider viel zu wenig bekannt sind, vergessen oder verdr\u00e4ngt wurden.<\/p>\n\n\n\n<figure class=\"wp-block-image size-large\"><img loading=\"lazy\" decoding=\"async\" width=\"840\" height=\"1024\" src=\"https:\/\/dikoweb.de\/wp-content\/uploads\/2025\/02\/Worst-of-Merz-840x1024.jpg\" alt=\"\" class=\"wp-image-4692\" srcset=\"https:\/\/dikoweb.de\/wp-content\/uploads\/2025\/02\/Worst-of-Merz-840x1024.jpg 840w, https:\/\/dikoweb.de\/wp-content\/uploads\/2025\/02\/Worst-of-Merz-246x300.jpg 246w, https:\/\/dikoweb.de\/wp-content\/uploads\/2025\/02\/Worst-of-Merz-768x936.jpg 768w, https:\/\/dikoweb.de\/wp-content\/uploads\/2025\/02\/Worst-of-Merz-900x1097.jpg 900w, https:\/\/dikoweb.de\/wp-content\/uploads\/2025\/02\/Worst-of-Merz.jpg 1080w\" sizes=\"auto, (max-width: 840px) 100vw, 840px\" \/><\/figure>\n\n\n\n<p class=\"wp-block-paragraph\"><strong>1997 <\/strong>beschloss der Bundestag nach fast 30 Jahren, die Vergewaltigung in der Ehe strafbar zu machen. 138 Abgeordnete stimmten dagegen, so auch Merz, der die Meinung vertrat, Vergewaltigung in der Ehe solle nicht als Straftat gelten. Sp\u00e4ter soll er sich dann jedoch davon distanziert haben.<\/p>\n\n\n\n<p class=\"wp-block-paragraph\"><strong>2000 <\/strong>schlug er vor, Renten voll zu besteuern und das Renteneintrittsalters auf 70 Jahre heraufzusetzen. <\/p>\n\n\n\n<p class=\"wp-block-paragraph\">Den K\u00fcndigungsschutz wollte er <strong>2004 <\/strong>f\u00fcr Arbeitnehmer*innen, die bei ihrer Einstellung \u00e4lter als 53 Jahre sind, abschaffen. <\/p>\n\n\n\n<blockquote class=\"wp-block-quote is-layout-flow wp-block-quote-is-layout-flow\">\n<p class=\"wp-block-paragraph\">&#8222;Wenn wir damit beweisen, dass weniger Schutz zu mehr Besch\u00e4ftigung f\u00fchrt, k\u00f6nnen wir eines Tages komplett auf den besonderen K\u00fcndigungsschutz verzichten.&#8220;<\/p>\n<\/blockquote>\n\n\n\n<p class=\"wp-block-paragraph\">Mehrfachverdiener Merz wollte auf keinen Fall verraten, wieviel er au\u00dferhalb seines politischen Wirkens verdient. F\u00fcr den Schutz seines Einkommensgeheimnisses klagte Friedrich Merz zusammen mit anderen Kollegen gegen ein Gesetz, das mehr Transparenz bei den Eink\u00fcnften der Abgeordneten forderte. Das  Bundesverfassungsgericht wies <strong>2007 <\/strong>die <a href=\"https:\/\/www.bundesverfassungsgericht.de\/SharedDocs\/Pressemitteilungen\/DE\/2007\/bvg07-073.html\" target=\"_blank\" rel=\"noreferrer noopener\">Antr\u00e4ge als unbegr\u00fcndet<\/a> zur\u00fcck. <\/p>\n\n\n\n<p class=\"wp-block-paragraph\"><strong>2022 <\/strong>entdeckte Merz dann den &#8222;Sozialtourismus&#8220; von ukrainischen Fl\u00fcchtlingen:<\/p>\n\n\n\n<blockquote class=\"wp-block-quote is-layout-flow wp-block-quote-is-layout-flow\">\n<p class=\"wp-block-paragraph\">&#8222;Wir erleben mittlerweile einen Sozialtourismus dieser Fl\u00fcchtlinge nach Deutschland, zur\u00fcck in die Ukraine, nach Deutschland, zur\u00fcck in die Ukraine.&#8220;<\/p>\n<\/blockquote>\n\n\n\n<p class=\"wp-block-paragraph\">Der Beifall der AfD war ihm schon damals gewiss. Zwar hat er sich sp\u00e4ter f\u00fcr seine Wortwahl entschuldigt, von seiner Einsch\u00e4tzung, dass es zunehemde Probleme mit Fl\u00fcchtenden und Asylbewerber*innen, auch aus der Ukraine, gebe, r\u00fcckte er jedoch nicht ab.<\/p>\n\n\n\n<p class=\"wp-block-paragraph\">Klimaschutz spielte in dem sogenannten TV-Duell mit Scholz am 10.02.25 \u00fcberhaupt keine Rolle. Weil das gr\u00f6\u00dfte Problem f\u00fcr &#8222;die Deutschen&#8220; ist ja die Migration. F\u00fcr Merz ist der Klimaschutz sowieso mindestens zweitrangig, da er das Thema als \u00fcberbewertet ansieht. Im Gegensatz zu den wissenschaftlichen Erkenntnissen, dass <strong>jetzt <\/strong>gehandelt werden m\u00fcsse, meint unser allwissender Kanzlerkandidat, wir h\u00e4tten noch genug Zeit:<\/p>\n\n\n\n<blockquote class=\"wp-block-quote is-layout-flow wp-block-quote-is-layout-flow\">\n<p class=\"wp-block-paragraph\">&#8222;Wenn wir in den n\u00e4chsten 10 Jahren die Weichen richtig stellen, sind wir auf einem guten Weg.&#8220;<\/p>\n<\/blockquote>\n\n\n\n<p class=\"wp-block-paragraph\">Seine populistische Anbiederung bei den Rechten zum Thema Migration stellte er <strong>2023 <\/strong>erneut unter Beweis. Obwohl Geduldete in den ersten 18 Monaten ihres Aufenthalts nur eine reduzierte medizinische Versorgung nach dem Asylbewerberleistungsgesetz erhalten, verbreitet Merz: <\/p>\n\n\n\n<blockquote class=\"wp-block-quote is-layout-flow wp-block-quote-is-layout-flow\">\n<p class=\"wp-block-paragraph\">&#8222;Auch die Bev\u00f6lkerung, die werden doch wahnsinnig, die Leute. Wenn die sehen, dass 300.000 Asylbewerber abgelehnt sind, nicht ausreisen, die vollen Leistungen bekommen, die volle Heilf\u00fcrsorge bekommen. Die sitzen beim Arzt und lassen sich die Z\u00e4hne neu machen, und die deutschen B\u00fcrger nebendran kriegen keine Termine.&#8220;<\/p>\n<\/blockquote>\n\n\n\n<p class=\"wp-block-paragraph\">Wie offen seine selbst ernannte &#8222;Brandmauer&#8220; zu den Rechtsextremisten ist, hat er ja k\u00fcrzlich erst gezeigt. Das Schlimme daran ist, dass die sogenannten christlichen W\u00e4hler*innen weiter an ihm festhalten. F\u00fcr den politischen Machtgewinn nimmt man das dann schon mal inkauf!<\/p>\n\n\n<div class=\"wp-block-image\">\n<figure class=\"aligncenter size-full is-resized\"><img loading=\"lazy\" decoding=\"async\" width=\"462\" height=\"462\" src=\"https:\/\/dikoweb.de\/wp-content\/uploads\/2025\/02\/ekelhafd-1.jpg\" alt=\"\" class=\"wp-image-4577\" style=\"width:298px;height:auto\" srcset=\"https:\/\/dikoweb.de\/wp-content\/uploads\/2025\/02\/ekelhafd-1.jpg 462w, https:\/\/dikoweb.de\/wp-content\/uploads\/2025\/02\/ekelhafd-1-300x300.jpg 300w, https:\/\/dikoweb.de\/wp-content\/uploads\/2025\/02\/ekelhafd-1-150x150.jpg 150w, https:\/\/dikoweb.de\/wp-content\/uploads\/2025\/02\/ekelhafd-1-88x88.jpg 88w\" sizes=\"auto, (max-width: 462px) 100vw, 462px\" \/><\/figure>\n<\/div>","protected":false},"excerpt":{"rendered":"<p>In zwei Wochen werden wohl die unchristlichen Parteien die Bundestagswahl gewinnen und den n\u00e4chsten Kanzler stellen. Der 12fache Million\u00e4r, ehemalige Lobbyist und Politpraktikant Friedrich Merz wird dann gem\u00e4\u00df Artikel 65 unseres Grundgesetzes die Richtlinien der Politik bestimmen. F.M. hat sich in den letzten 20 Jahren so einiges an Aussagen geleistet, die leider viel zu wenig [&hellip;]<\/p>\n","protected":false},"author":2,"featured_media":0,"comment_status":"closed","ping_status":"open","sticky":false,"template":"","format":"standard","meta":{"_crdt_document":"","footnotes":""},"categories":[1,5],"tags":[67,350,315],"class_list":["post-4685","post","type-post","status-publish","format-standard","hentry","category-uncategorized","category-politik","tag-afd","tag-merz","tag-rechtspopulismus"],"_links":{"self":[{"href":"https:\/\/dikoweb.de\/index.php?rest_route=\/wp\/v2\/posts\/4685","targetHints":{"allow":["GET"]}}],"collection":[{"href":"https:\/\/dikoweb.de\/index.php?rest_route=\/wp\/v2\/posts"}],"about":[{"href":"https:\/\/dikoweb.de\/index.php?rest_route=\/wp\/v2\/types\/post"}],"author":[{"embeddable":true,"href":"https:\/\/dikoweb.de\/index.php?rest_route=\/wp\/v2\/users\/2"}],"replies":[{"embeddable":true,"href":"https:\/\/dikoweb.de\/index.php?rest_route=%2Fwp%2Fv2%2Fcomments&post=4685"}],"version-history":[{"count":24,"href":"https:\/\/dikoweb.de\/index.php?rest_route=\/wp\/v2\/posts\/4685\/revisions"}],"predecessor-version":[{"id":4714,"href":"https:\/\/dikoweb.de\/index.php?rest_route=\/wp\/v2\/posts\/4685\/revisions\/4714"}],"wp:attachment":[{"href":"https:\/\/dikoweb.de\/index.php?rest_route=%2Fwp%2Fv2%2Fmedia&parent=4685"}],"wp:term":[{"taxonomy":"category","embeddable":true,"href":"https:\/\/dikoweb.de\/index.php?rest_route=%2Fwp%2Fv2%2Fcategories&post=4685"},{"taxonomy":"post_tag","embeddable":true,"href":"https:\/\/dikoweb.de\/index.php?rest_route=%2Fwp%2Fv2%2Ftags&post=4685"}],"curies":[{"name":"wp","href":"https:\/\/api.w.org\/{rel}","templated":true}]}}