{"id":4820,"date":"2025-02-25T08:41:00","date_gmt":"2025-02-25T07:41:00","guid":{"rendered":"https:\/\/dikoweb.de\/?p=4820"},"modified":"2025-02-25T00:32:17","modified_gmt":"2025-02-24T23:32:17","slug":"merz-ein-spalter-der-die-gesellschaft-vereint","status":"publish","type":"post","link":"https:\/\/dikoweb.de\/?p=4820","title":{"rendered":"Merz &#8211; ein Spalter, der die Gesellschaft vereint?"},"content":{"rendered":"\n<blockquote class=\"wp-block-quote is-layout-flow wp-block-quote-is-layout-flow\">\n<p class=\"wp-block-paragraph\"><strong>&#8222;Links ist vorbei. Es gibt keine linke Mehrheit und keine linke Politik mehr in Deutschland&#8220; <\/strong><br>(Merz bei einer Rede am 22.Februar 2024 im L\u00f6wenbr\u00e4ukeller in M\u00fcnchen)<\/p>\n<\/blockquote>\n\n\n\n<p class=\"wp-block-paragraph\">Was h\u00e4lt Merz, der Politnovize, <a href=\"https:\/\/www.vermoegenmagazin.de\/friedrich-merz-vermoegen\/\" target=\"_blank\" rel=\"noreferrer noopener\">Multimillion\u00e4r <\/a>und Ex-Lobbyist, von Menschen, die auf die Stra\u00dfe gegangen sind, um gegen Rechtsextremismus zu protestieren?<\/p>\n\n\n\n<blockquote class=\"wp-block-quote is-layout-flow wp-block-quote-is-layout-flow\">\n<p class=\"wp-block-paragraph\"><strong>Er werde wieder Politik f\u00fcr die Mehrheit der Bev\u00f6lkerung machen, die gerade denke und &#8222;alle Tassen im Schrank&#8220; habe &#8211; und nicht &#8222;f\u00fcr irgendwelche gr\u00fcnen und linken Spinner auf dieser Welt&#8220;, f\u00fchrte Merz aus.<\/strong><br>(Quelle: <a href=\"https:\/\/www.tagesschau.de\/inland\/bundestagswahl\/merz-linke-kritik-100.html\" target=\"_blank\" rel=\"noreferrer noopener\">Tagesschau<\/a>)<\/p>\n<\/blockquote>\n\n\n\n<p class=\"wp-block-paragraph\">Danke Fritze! Weil ich gegen Nazis auf die Stra\u00dfe gehe, bin ich f\u00fcr dich einfach nur ein Spinner. Dieser Mann will die Gesellschaft wieder vereinen, in dem er auf Eskalation, Spaltung und Durchsetzung seiner eigenen Machtanspr\u00fcche setzt und dabei Europarecht ignoriert und das Grundrecht auf Asyl zur Debatte stellt? <\/p>\n\n\n\n<blockquote class=\"wp-block-quote is-layout-flow wp-block-quote-is-layout-flow\">\n<p class=\"wp-block-paragraph\">Die Einigung sieht er nicht mit der breiten Gesellschaft, sondern mit den W\u00e4hler*innen der AfD. Und daf\u00fcr hat er seine Komplizen l\u00e4ngst versammelt. Spahn, Linnemann, S\u00f6der \u2013 die rechten Hardliner innerhalb der Union stehen bereit, um die Eskalationsstrategie weiter voranzutreiben.<\/p>\n\n\n\n<p class=\"wp-block-paragraph\">Die Rede war nicht einfach eine spontane Wutrede. Sie war ein Kalk\u00fcl, ein Testballon. Er redet ohne Skript, l\u00e4sst sich vom johlenden Publikum in einen Rausch treiben \u2013 und zeigt, dass er nicht f\u00fchrt, sondern Brandherde legt. [<a href=\"https:\/\/steadyhq.com\/de\/mimikama-direkt\/posts\/65526e75-9ab5-4c00-a35b-93a241867109\" target=\"_blank\" rel=\"noreferrer noopener\">Quelle<\/a>]<\/p>\n<\/blockquote>\n\n\n\n<p class=\"wp-block-paragraph\">Der &#8222;<em>sauerl\u00e4ndische Trumpist<\/em>&#8220; (Parteienforscher Karl-Rudolf Korte), mit Hang zur Selbst\u00fcbersch\u00e4tzung, hat vom gro\u00dfen Bruder gelernt: &#8222;<em>spalte, hetze und schaffe deine eigene Realit\u00e4t, in der nur deine Anh\u00e4nger*innen die Wahrheit besitzen<\/em>.&#8220; [<a href=\"https:\/\/steadyhq.com\/de\/mimikama-direkt\/posts\/65526e75-9ab5-4c00-a35b-93a241867109\" target=\"_blank\" rel=\"noreferrer noopener\">Quelle<\/a>] Dazu hat der bayrische Rechtsau\u00dfen S\u00f6der mit seiner permanenten Hetze gegen &#8222;die Gr\u00fcnen&#8220; den ideologischen N\u00e4hrboden bereitet. <em>&#8222;<a href=\"https:\/\/www.tagesschau.de\/inland\/bundestagswahl\/merz-linke-kritik-100.html\" target=\"_blank\" rel=\"noreferrer noopener\">Friedrich, du musst dazu nichts machen. Ich mache das schon. Also keine Sorge.<\/a>&#8222;<\/em> <\/p>\n\n\n\n<figure class=\"wp-block-embed is-type-video is-provider-youtube wp-block-embed-youtube wp-embed-aspect-16-9 wp-has-aspect-ratio\"><div class=\"wp-block-embed__wrapper\">\n<iframe loading=\"lazy\" title=\"#Merzrede beim Wahlkampfabschluss von CDU und CSU in M\u00fcnchen\" width=\"629\" height=\"354\" src=\"https:\/\/www.youtube.com\/embed\/S9GVltbO1-o?feature=oembed\" frameborder=\"0\" allow=\"accelerometer; autoplay; clipboard-write; encrypted-media; gyroscope; picture-in-picture; web-share\" referrerpolicy=\"strict-origin-when-cross-origin\" allowfullscreen><\/iframe>\n<\/div><\/figure>\n\n\n\n<blockquote class=\"wp-block-quote is-layout-flow wp-block-quote-is-layout-flow\">\n<p class=\"wp-block-paragraph\">\u201eDiese hasserf\u00fcllte, enthemmte Merz-Rede in M\u00fcnchen l\u00e4sst sich eigentlich nur damit erkl\u00e4ren, dass Merz, entgegen seiner Versprechen (denn was sind die schon wert?) doch eine Koalition mit der AfD anstrebt\u201c, schreibt die Journalistin und Expertin f\u00fcr US-Rechtsextremismus Annika Brokschmidt auf <a href=\"https:\/\/bsky.app\/profile\/ardenthistorian.bsky.social\/post\/3lis5ylio4k2w\" target=\"_blank\" rel=\"noreferrer noopener\">Bluesky<\/a>. \u201eWie soll denn eine andere Koalition aussehen, wenn er so gegen Menschen links von ihm hetzt?\u201c<br>Quelle: <a href=\"https:\/\/www.fr.de\/politik\/ernsthaft-verstoerend-reaktionen-auf-merz-rede-vor-der-wahl-zr-93587826.html\" target=\"_blank\" rel=\"noreferrer noopener\">FR<\/a><\/p>\n<\/blockquote>\n\n\n\n<p class=\"wp-block-paragraph\">Nach der Bundestagswahl, die nicht das gew\u00fcnschte Ergebnis f\u00fcr die C-Parteien gebracht hat, muss er nun wohl z\u00e4hneknirschend mit der SPD verhandeln. Oder doch mit den verhassten Gr\u00fcnen? Die L\u00f6sung von Zukunftsthemen wie die Bek\u00e4mpfung des Klimawandels und der sozialen Ungleichheit werden beim Million\u00e4r und <a href=\"https:\/\/taz.de\/Privatflugzeug-von-CDU-Kanzlerkandidat\/!6065499\/\" target=\"_blank\" rel=\"noreferrer noopener\">Privatjetflieger Merz<\/a> keine Priorit\u00e4t haben.<\/p>\n\n\n\n<p class=\"wp-block-paragraph\">\u201e<em>Was wird das f\u00fcr ein Kanzler, der Politik nur f\u00fcr Menschen macht, die in sein Weltbild passen?<\/em>\u201c  fragt sich Romina Stawowy, Verlegerin des femMit-Magazins. <em>\u201eStatt zu einen, entscheidet sich Friedrich&nbsp;Merz, noch einmal richtig zu spalten. So spricht niemand, der Kanzler f\u00fcr alle sein will \u2013 so spricht ein Mini-Trump<\/em>\u201c, sagte der SPD-Generalsekret\u00e4r Matthias Miersch der <em>Deutschen Presse-Agentur<\/em>. <em>\u201eSo redet kein Bundeskanzler, so redet ein rechter Demagoge\u201c<\/em>, so Miersch. (<a href=\"https:\/\/www.fr.de\/politik\/ernsthaft-verstoerend-reaktionen-auf-merz-rede-vor-der-wahl-zr-93587826.html\" target=\"_blank\" rel=\"noreferrer noopener\">Zitiert nach FR<\/a>)<\/p>\n\n\n<div class=\"wp-block-image\">\n<figure class=\"aligncenter size-full\"><img loading=\"lazy\" decoding=\"async\" width=\"495\" height=\"350\" src=\"https:\/\/dikoweb.de\/wp-content\/uploads\/2025\/02\/frisiert_farbig_calleri.jpg\" alt=\"\" class=\"wp-image-4839\" srcset=\"https:\/\/dikoweb.de\/wp-content\/uploads\/2025\/02\/frisiert_farbig_calleri.jpg 495w, https:\/\/dikoweb.de\/wp-content\/uploads\/2025\/02\/frisiert_farbig_calleri-300x212.jpg 300w\" sizes=\"auto, (max-width: 495px) 100vw, 495px\" \/><figcaption class=\"wp-element-caption\">Paolo Calieri &#8211; <a href=\"http:\/\/www.paolo-calleri.de\/paolo-calleri\/karikaturenseiten2023\/frisiert_farbig_calleri.html\" target=\"_blank\" rel=\"noreferrer noopener\">Politische&nbsp;Karikatur&nbsp;vom&nbsp;20.07.2023<\/a><\/figcaption><\/figure>\n<\/div>\n\n\n<p class=\"wp-block-paragraph\">Es bleibt abzuwarten, wie ein m\u00f6glicher Koalitionspartner SPD dann wirklich mit Merz umgehen und zu welcher Politik sie ihn zwingen wird.<\/p>\n\n\n\n<p class=\"wp-block-paragraph\"><\/p>\n","protected":false},"excerpt":{"rendered":"<p>&#8222;Links ist vorbei. Es gibt keine linke Mehrheit und keine linke Politik mehr in Deutschland&#8220; (Merz bei einer Rede am 22.Februar 2024 im L\u00f6wenbr\u00e4ukeller in M\u00fcnchen) Was h\u00e4lt Merz, der Politnovize, Multimillion\u00e4r und Ex-Lobbyist, von Menschen, die auf die Stra\u00dfe gegangen sind, um gegen Rechtsextremismus zu protestieren? Er werde wieder Politik f\u00fcr die Mehrheit der [&hellip;]<\/p>\n","protected":false},"author":2,"featured_media":0,"comment_status":"closed","ping_status":"open","sticky":false,"template":"","format":"standard","meta":{"_crdt_document":"","footnotes":""},"categories":[1,5],"tags":[67,364,350,315,365],"class_list":["post-4820","post","type-post","status-publish","format-standard","hentry","category-uncategorized","category-politik","tag-afd","tag-demagogie","tag-merz","tag-rechtspopulismus","tag-soeder"],"_links":{"self":[{"href":"https:\/\/dikoweb.de\/index.php?rest_route=\/wp\/v2\/posts\/4820","targetHints":{"allow":["GET"]}}],"collection":[{"href":"https:\/\/dikoweb.de\/index.php?rest_route=\/wp\/v2\/posts"}],"about":[{"href":"https:\/\/dikoweb.de\/index.php?rest_route=\/wp\/v2\/types\/post"}],"author":[{"embeddable":true,"href":"https:\/\/dikoweb.de\/index.php?rest_route=\/wp\/v2\/users\/2"}],"replies":[{"embeddable":true,"href":"https:\/\/dikoweb.de\/index.php?rest_route=%2Fwp%2Fv2%2Fcomments&post=4820"}],"version-history":[{"count":25,"href":"https:\/\/dikoweb.de\/index.php?rest_route=\/wp\/v2\/posts\/4820\/revisions"}],"predecessor-version":[{"id":4855,"href":"https:\/\/dikoweb.de\/index.php?rest_route=\/wp\/v2\/posts\/4820\/revisions\/4855"}],"wp:attachment":[{"href":"https:\/\/dikoweb.de\/index.php?rest_route=%2Fwp%2Fv2%2Fmedia&parent=4820"}],"wp:term":[{"taxonomy":"category","embeddable":true,"href":"https:\/\/dikoweb.de\/index.php?rest_route=%2Fwp%2Fv2%2Fcategories&post=4820"},{"taxonomy":"post_tag","embeddable":true,"href":"https:\/\/dikoweb.de\/index.php?rest_route=%2Fwp%2Fv2%2Ftags&post=4820"}],"curies":[{"name":"wp","href":"https:\/\/api.w.org\/{rel}","templated":true}]}}