{"id":4856,"date":"2025-02-26T09:17:00","date_gmt":"2025-02-26T08:17:00","guid":{"rendered":"https:\/\/dikoweb.de\/?p=4856"},"modified":"2025-02-26T10:08:46","modified_gmt":"2025-02-26T09:08:46","slug":"interessantes-von-ian-anderson-jethro-tull","status":"publish","type":"post","link":"https:\/\/dikoweb.de\/?p=4856","title":{"rendered":"Interessantes von Ian Anderson (Jethro Tull)"},"content":{"rendered":"\n<p class=\"wp-block-paragraph\">Dem Magazin CLASSIC ROCK hat Jethro Tull Chef Ian Anderson einige interessante Dinge bez\u00fcglich seiner musikalischen Vorlieben erz\u00e4hlt.<\/p>\n\n\n\n<p class=\"wp-block-paragraph\">2022 erkl\u00e4rte er in einem ntv-Interview:<\/p>\n\n\n\n<blockquote class=\"wp-block-quote is-layout-flow wp-block-quote-is-layout-flow\">\n<p class=\"wp-block-paragraph\"><em>Ich h\u00f6re schon seit den 1970ern keine Musik mehr. Davor &#8211; bis ich etwa Mitte 20 war &#8211; hatte ich schon so viele musikalische Erfahrungen und Einfl\u00fcsse gesammelt, dass ich daraus sch\u00f6pfen konnte &#8211; von Blues und Jazz \u00fcber Rock und Pop bis hin zu Folk und Klassik. Vieles davon war so inspirierend, dass ich nichts Neues mehr brauche. Ich schnappe immer mal wieder neue Sounds auf, das h\u00f6rt man, das kann ich nicht abstreiten. Aber wirklich etwas Gro\u00dfes ist nicht dazugekommen, denn im Grunde ist alles Neue nur eine Reminiszenz an die Dinge, die ich schon damals geh\u00f6rt habe.<\/em><br>Quelle: <a href=\"https:\/\/www.n-tv.de\/leute\/musik\/Ich-hoere-seit-den-70ern-keine-Musik-mehr--article23084178.html\" target=\"_blank\" rel=\"noreferrer noopener\">ntv<\/a><\/p>\n<\/blockquote>\n\n\n\n<p class=\"wp-block-paragraph\">Wenn er auf seine Vorbilder zu sprechen kommt, bewahrheitet sich das. Es finden sich keine j\u00fcngeren Musiker*innen darunter. <em>&#8222;Die Musiker, die ich damals geh\u00f6rt habe, waren schon in ihren 50ern, 60ern oder sogar \u00e4lter.&#8220;<\/em><\/p>\n\n\n\n<p class=\"wp-block-paragraph\">So wundert es nicht, dass sein Gitarrenheld Fleetwood Mac&#8217;s <a href=\"https:\/\/de.wikipedia.org\/wiki\/Peter_Green\" target=\"_blank\" rel=\"noreferrer noopener\">Peter Green<\/a> ist. <em>&#8222;Er konnte eine Gitarre wie eine menschliche Stimme singen lassen. Er hatte diesen wunderbaren Klang und die volle Kontrolle \u00fcber das Instrument. Er konnte viele Noten spielen, wenn die Musik danach verlangte, aber davon abgesehen verf\u00fchrte er einen mit Klasse statt Masse.&#8220; <\/em><\/p>\n\n\n\n<p class=\"wp-block-paragraph\">Als Lieblings-Songwriter nennt er den Briten <a href=\"https:\/\/de.wikipedia.org\/wiki\/Roy_Harper\" target=\"_blank\" rel=\"noreferrer noopener\">Roy Harper<\/a>, dessen Album  &#8222;<em>Come out Fighting Ghengis Smith<\/em>&#8220; von 1968 einen Nerv bei ihm getroffen habe, weil er ein breites Spektrum abdeckte, von politischen und sozialen<br>Themen bis zu schlichten, bekifften Liebesliedern.<\/p>\n\n\n\n<p class=\"wp-block-paragraph\">Interessant ist die Nennung seines Lieblingss\u00e4ngers, ein Name, den ich nie erwartet h\u00e4tte: <a href=\"https:\/\/en.wikipedia.org\/wiki\/Lou_Gramm\" target=\"_blank\" rel=\"noreferrer noopener\">Lou Gramm<\/a> (bis 2003 Leads\u00e4nger von <em><a href=\"https:\/\/www.foreigneronline.com\/\" target=\"_blank\" rel=\"noreferrer noopener\">Foreigner<\/a><\/em>). Ihm bescheinigt er, &#8222;<em>unglaubliche Pr\u00e4zision und Diktion \u2013 man kann jedes Wort h\u00f6ren, das er singt, anders als bei den meisten S\u00e4ngern davor und seither. Die dekorativen Elemente seiner Darbietung waren nie \u00fcbertrieben \u2013 er sang haupts\u00e4chlich im Takt, im Ton und mit gro\u00dfer Emotion.<\/em>&#8222;<\/p>\n\n\n<div class=\"wp-block-image\">\n<figure class=\"alignleft size-full is-resized\"><img loading=\"lazy\" decoding=\"async\" width=\"350\" height=\"350\" src=\"https:\/\/dikoweb.de\/wp-content\/uploads\/2025\/02\/karajan-beethoven-sinfonie-nr-9-karajan-350.jpg\" alt=\"\" class=\"wp-image-4870\" style=\"width:216px;height:auto\" srcset=\"https:\/\/dikoweb.de\/wp-content\/uploads\/2025\/02\/karajan-beethoven-sinfonie-nr-9-karajan-350.jpg 350w, https:\/\/dikoweb.de\/wp-content\/uploads\/2025\/02\/karajan-beethoven-sinfonie-nr-9-karajan-350-300x300.jpg 300w, https:\/\/dikoweb.de\/wp-content\/uploads\/2025\/02\/karajan-beethoven-sinfonie-nr-9-karajan-350-150x150.jpg 150w, https:\/\/dikoweb.de\/wp-content\/uploads\/2025\/02\/karajan-beethoven-sinfonie-nr-9-karajan-350-88x88.jpg 88w\" sizes=\"auto, (max-width: 350px) 100vw, 350px\" \/><\/figure>\n<\/div>\n\n\n<p class=\"wp-block-paragraph\">Aufschlussreich ist auch seine Wahl des besten Albums aller Zeiten. Da er stets auch ein Faible f\u00fcr Klassik hat, was sich letztlich in verschiedenen Alben (wie &#8222;The String Quartets&#8220; oder &#8222;<em>Ian Anderson Plays The Orchestral Jethro Tull<\/em>&#8222;) niederschl\u00e4gt, wundert es nicht, dass die Aufnahme von Beethovens Neunter der Deutschen Grammophon, dirigiert von Herbert von Karajan aus dem Jahr 1962 seine Lieblingsplatte ist, die ihn sein ganzes Leben lang begleitet hat.<\/p>\n\n\n\n<p class=\"wp-block-paragraph\">F\u00fcr Tull-Fans auch nicht uninteressant, ist der schlechteste Song, den er seiner Meinung nach je geschrieben hat und den er als &#8222;totaler Schrott&#8220; tituliert:<\/p>\n\n\n\n<figure class=\"wp-block-embed is-type-video is-provider-youtube wp-block-embed-youtube wp-embed-aspect-4-3 wp-has-aspect-ratio\"><div class=\"wp-block-embed__wrapper\">\n<iframe loading=\"lazy\" title=\"Singing All Day-Jethro Tull\" width=\"629\" height=\"472\" src=\"https:\/\/www.youtube.com\/embed\/7kwRZUGYQnY?feature=oembed\" frameborder=\"0\" allow=\"accelerometer; autoplay; clipboard-write; encrypted-media; gyroscope; picture-in-picture; web-share\" referrerpolicy=\"strict-origin-when-cross-origin\" allowfullscreen><\/iframe>\n<\/div><\/figure>\n\n\n\n<blockquote class=\"wp-block-quote is-layout-flow wp-block-quote-is-layout-flow\">\n<p class=\"wp-block-paragraph\">Der Song \u203aSinging All Day\u2039 ist M\u00fcll. Ein belangloses St\u00fcck, das wir sofort in die Tonne traten, bis wir verzweifelt Material f\u00fcr eine Compilation brauchten, zu der wir vertraglich von Warner Brothers verpflichtet worden waren. Es kam aus der untersten Schublade.<\/p>\n<\/blockquote>\n\n\n\n<p class=\"wp-block-paragraph\">Quelle\/Zitate: <a href=\"https:\/\/classicrock.net\/plattensammler-ian-anderson\/\" target=\"_blank\" rel=\"noreferrer noopener\">Classic Rock<\/a><\/p>\n\n\n\n<p class=\"wp-block-paragraph\"><strong>Anderson&#8217;s gr\u00f6\u00dfte Entt\u00e4uschung?<\/strong> <\/p>\n\n\n\n<p class=\"wp-block-paragraph\">Das Traurige an der Sterblichkeit ist, dass niemand je wei\u00df, wann das Ende kommt. Es gibt keine klare Frist f\u00fcr all die Abschiede und letzten Worte, und so kann die Chance leicht ungenutzt verstreichen. Ian Anderson kennt dieses verheerende Gef\u00fchl aus erster Hand. <\/p>\n\n\n\n<p class=\"wp-block-paragraph\">Auf den ersten Blick scheint es eine seltsame Bitte zu sein, dass Frank Zappa auf seinem Sterbebett mit Anderson sprechen wollte. Zappa hatte Einfluss auf die Karrieren und das Leben so vieler Menschen. Als sich sein Prostatakrebs verschlimmerte und das Ende nahte, hatte er eine Bitte: \u201e<em>Als Frank Zappa unheilbar krank war, erhielt ich eine Nachricht, in der stand, dass er m\u00f6chte, dass ich ihn anrufe<\/em>\u201c, erinnert sich Anderson und f\u00fcgt hinzu: \u201e<em>Ich hatte ihn nie getroffen. Ich war ein Fan, aber mein Instinkt sagte mir, dass er Jethro Tull nicht mochte, also war es ein bisschen seltsam.<\/em>\u201c<\/p>\n\n\n\n<p class=\"wp-block-paragraph\">Im Laufe ihres Lebens und ihrer Karriere trafen sich die beiden nie und sprachen nie miteinander. Dann, 1993, kam die Anfrage von Zappa&#8217;s Sterbebett aus. Aber bei all der Geschichte und der v\u00f6lligen Ungewissheit, was Zappa sagen wollte oder wie er es hinterlassen w\u00fcrde, konnte Anderson nicht in der Leitung bleiben. \u201eI<em>ch w\u00e4hlte die Nummer dreimal, aber jedes Mal legte ich in Panik auf; es war mir peinlich &#8211; was sagt man zu einem Sterbenden?<\/em> [&#8230;] <em>Ein paar Wochen sp\u00e4ter starb er<\/em>\u201c, so Anderson und beschrieb dies als eines seiner gr\u00f6\u00dften Bedauernisse in seiner Karriere. <\/p>\n\n\n\n<p class=\"wp-block-paragraph\">Am Ende schien es, als ob Zappa seine letzten Tage einfach nur f\u00fcr eine Verbindung und Vers\u00f6hnung nutzen wollte: \u201e<em>Von dem, was ich geh\u00f6rt habe, wollte er mit ein paar Leuten reden, nur um Hallo zu sagen, und ich war einer von ihnen.<\/em> <em>Es h\u00e4tte nichts ver\u00e4ndert, aber ich h\u00e4tte meine erste und letzte Unterhaltung mit einem der gro\u00dfen Originale unter den Komponisten und Performern der Rockgeschichte gehabt.<\/em>\u201c [<a href=\"https:\/\/faroutmagazine.co.uk\/ian-anderson-regret-about-frank-zappa\/\" target=\"_blank\" rel=\"noreferrer noopener\">Quelle<\/a>]<\/p>\n\n\n\n<p class=\"wp-block-paragraph\">F\u00fcr seine Beerdigung w\u00fcnscht sich Anderson \u00fcbrigens &#8222;<em>What A Wonderful World<\/em>&#8220; von Louis Armstrong. <\/p>\n\n\n\n<blockquote class=\"wp-block-quote is-layout-flow wp-block-quote-is-layout-flow\">\n<p class=\"wp-block-paragraph\">Das ist seit mehreren Jahrzehnten der Abschluss unserer Konzerte. Das scheint mir immer ein passender Weg zu sein, sich von einem Publikum zu verabschieden, also w\u00e4re es aufgrund dessen f\u00fcr mich von gro\u00dfer pers\u00f6nlicher Bedeutung. Es ist ein Song \u00fcber Dankbarkeit f\u00fcr diese wundersch\u00f6ne Welt, in der wir leben.<\/p>\n<\/blockquote>\n\n\n\n<figure class=\"wp-block-embed is-type-video is-provider-youtube wp-block-embed-youtube wp-embed-aspect-16-9 wp-has-aspect-ratio\"><div class=\"wp-block-embed__wrapper\">\n<iframe loading=\"lazy\" title=\"Louis Armstrong - What A Wonderful World\" width=\"629\" height=\"354\" src=\"https:\/\/www.youtube.com\/embed\/VqhCQZaH4Vs?feature=oembed\" frameborder=\"0\" allow=\"accelerometer; autoplay; clipboard-write; encrypted-media; gyroscope; picture-in-picture; web-share\" referrerpolicy=\"strict-origin-when-cross-origin\" allowfullscreen><\/iframe>\n<\/div><\/figure>\n","protected":false},"excerpt":{"rendered":"<p>Dem Magazin CLASSIC ROCK hat Jethro Tull Chef Ian Anderson einige interessante Dinge bez\u00fcglich seiner musikalischen Vorlieben erz\u00e4hlt. 2022 erkl\u00e4rte er in einem ntv-Interview: Ich h\u00f6re schon seit den 1970ern keine Musik mehr. Davor &#8211; bis ich etwa Mitte 20 war &#8211; hatte ich schon so viele musikalische Erfahrungen und Einfl\u00fcsse gesammelt, dass ich daraus [&hellip;]<\/p>\n","protected":false},"author":2,"featured_media":0,"comment_status":"closed","ping_status":"open","sticky":false,"template":"","format":"standard","meta":{"_crdt_document":"","footnotes":""},"categories":[1,4],"tags":[49,319,317],"class_list":["post-4856","post","type-post","status-publish","format-standard","hentry","category-uncategorized","category-musik","tag-frank-zappa","tag-ian-anderson","tag-jethro-tull"],"_links":{"self":[{"href":"https:\/\/dikoweb.de\/index.php?rest_route=\/wp\/v2\/posts\/4856","targetHints":{"allow":["GET"]}}],"collection":[{"href":"https:\/\/dikoweb.de\/index.php?rest_route=\/wp\/v2\/posts"}],"about":[{"href":"https:\/\/dikoweb.de\/index.php?rest_route=\/wp\/v2\/types\/post"}],"author":[{"embeddable":true,"href":"https:\/\/dikoweb.de\/index.php?rest_route=\/wp\/v2\/users\/2"}],"replies":[{"embeddable":true,"href":"https:\/\/dikoweb.de\/index.php?rest_route=%2Fwp%2Fv2%2Fcomments&post=4856"}],"version-history":[{"count":34,"href":"https:\/\/dikoweb.de\/index.php?rest_route=\/wp\/v2\/posts\/4856\/revisions"}],"predecessor-version":[{"id":4892,"href":"https:\/\/dikoweb.de\/index.php?rest_route=\/wp\/v2\/posts\/4856\/revisions\/4892"}],"wp:attachment":[{"href":"https:\/\/dikoweb.de\/index.php?rest_route=%2Fwp%2Fv2%2Fmedia&parent=4856"}],"wp:term":[{"taxonomy":"category","embeddable":true,"href":"https:\/\/dikoweb.de\/index.php?rest_route=%2Fwp%2Fv2%2Fcategories&post=4856"},{"taxonomy":"post_tag","embeddable":true,"href":"https:\/\/dikoweb.de\/index.php?rest_route=%2Fwp%2Fv2%2Ftags&post=4856"}],"curies":[{"name":"wp","href":"https:\/\/api.w.org\/{rel}","templated":true}]}}