{"id":5038,"date":"2025-03-26T11:09:00","date_gmt":"2025-03-26T10:09:00","guid":{"rendered":"https:\/\/dikoweb.de\/?p=5038"},"modified":"2025-03-25T23:19:51","modified_gmt":"2025-03-25T22:19:51","slug":"afd-noch-mehr-faschos-im-bundestag","status":"publish","type":"post","link":"https:\/\/dikoweb.de\/?p=5038","title":{"rendered":"AfD &#8211; noch mehr Faschos im Bundestag"},"content":{"rendered":"\n<p class=\"wp-block-paragraph\">Der th\u00fcrringische Faschist H\u00f6cke darf sich freuen: seine vertrauten Rechtsextremisten Stefan M\u00f6ller, Torben Braga und Robert Teske aus Th\u00fcringen haben den Einzug in den Bundestag (BT) geschafft. Damit verlagern sich die Rechtsau\u00dfen-Netzwerke aus Th\u00fcringen weiter in die Bundespolitik.<\/p>\n\n\n\n<p class=\"wp-block-paragraph\">Sie reihen sich ein in die muntere extremistische Runde, zu der u.a. Maximilian Krah (Spitzname &#8222;Schampus-Max&#8220;) geh\u00f6rt, der noch im vergangenen Mai behauptet hatte, in der Waffen-SS seien nicht nur Verbrecher gewesen. Zun\u00e4chst \u00f6ffentlichkeitswirksam in &#8222;Ungnade&#8220; gefallen, hat die jetzige AfD-Fraktion ihn wieder freudig aufgenommen.<\/p>\n\n\n\n<p class=\"wp-block-paragraph\">Zu den Rechtsextremisten geh\u00f6rt auch Matthias Helferich, er sich 2021 als &#8222;<em><a href=\"https:\/\/www.zdf.de\/nachrichten\/politik\/deutschland\/neue-afd-fraktion-biografien-100.html\" target=\"_blank\" rel=\"noreferrer noopener\">das freundliche Gesicht des Nationalsozialismus<\/a><\/em>&#8220; bezeichnete, angeblich sei es ironisch gemeint, wie er sp\u00e4ter behauptete. 2021 wollte man ihn nicht in die Fraktion aufnehmen und er geh\u00f6rte dem BT als fraktionsloser Abgeordneter an, doch mittlerweile ist auch er wieder willkommen. Sein Motto: <a href=\"https:\/\/dipbt.bundestag.de\/dip21\/btp\/20\/20191.pdf#P.24896\" target=\"_blank\" rel=\"noreferrer noopener\">&#8222;Die Parole muss lauten: \u201eMillionenfache Remigration statt Talahon\u201c<\/a>. <\/p>\n\n\n\n<pre class=\"wp-block-code\"><code>Der Begriff \"Talahon\" wird vermehrt auch von Rechten verwendet, um ganze Personengruppen herabzuw\u00fcrdigen - in erster Linie junge M\u00e4nner arabischer Abstammung.<\/code><\/pre>\n\n\n\n<p class=\"wp-block-paragraph\">Zwar hat die AfD den geringsten Frauenanteil aller BT-Fraktionen, aber die wenigen haben es in sich. Neben der uns\u00e4glichen Beatrix von Storch sowie die <a href=\"https:\/\/www.tagesspiegel.de\/gesellschaft\/im-bundestag-hetzen-auf-tiktok-kuscheln-alice-weidel-und-der-grosse-flauschangriff-11138815.html\" target=\"_blank\" rel=\"noreferrer noopener\">Bundestagshetzerin<\/a> Alice Weidel (f\u00fcr die der Autokrat Victor Orban ein &#8222;gro\u00dfes Vorbild&#8220; ist) und die in einer Mail von 2013 die Bundesregierung <a href=\"https:\/\/www.zdf.de\/nachrichten\/politik\/weidel-email-afd-10-jahre-100.html\" target=\"_blank\" rel=\"noreferrer noopener\">als &#8222;Schweine&#8220; und &#8222;Marionetten der Siegerm\u00e4chte&#8220;<\/a> beschimpft, hat es nun auch die rechtsextreme Birgit Bessin aus dem Wahlkreis 065, Elbe-Elster \u2013 Oberspreewald-Lausitz in die rechte Riege geschafft. Bessin, die sich nicht davor scheut, mit rechtsextremen und neonazistischen Organisationen zu kuscheln, war Stellvertreterin und enge Vertraute des aus der Partei ausgeschlossenen Neonazis Andreas Kalbitz.<\/p>\n\n\n<div class=\"wp-block-image\">\n<figure class=\"aligncenter size-full\"><img loading=\"lazy\" decoding=\"async\" width=\"275\" height=\"268\" src=\"https:\/\/dikoweb.de\/wp-content\/uploads\/2025\/03\/afd-nein-danke.jpg\" alt=\"\" class=\"wp-image-5067\"\/><\/figure>\n<\/div>\n\n\n<p class=\"wp-block-paragraph\">Bessin widmet sich dem Schutz der Kleinfamilie als \u201eKeimzelle der Gesellschaft\u201c. Gewalt gegen Frauen thematisiert sie vor allem in rassistischer Manier als angeblich \u201eimportierte Gewalt\u201c von migrantischen M\u00e4nnern.<\/p>\n\n\n\n<blockquote class=\"wp-block-quote is-layout-flow wp-block-quote-is-layout-flow\">\n<p class=\"wp-block-paragraph\">Bei einer Rede auf dem AfD-Landesparteitag in J\u00fcterbog 2023 sprach Bessin davon, dass Deutschland \u201eden Kurs der Unterwerfung unter Interessen raumfremder M\u00e4chte beenden und sich seiner nationalen Identit\u00e4t wieder bewusstwerden\u201c m\u00fcsse. Die Formulierung \u201eraumfremde M\u00e4chte\u201c stammt von Carl Schmitt, dessen Ideen seit dem Nationalsozialismus die extreme Rechte in Deutschland pr\u00e4gen. Auch Aussagen Bessins, dass sich Deutschland bald in einer \u201eSchuldknechtschaft\u201c bef\u00e4nde, greifen altbekannte rechtsextreme Motive einer angeblichen Fremdherrschaft \u00fcber Deutschland auf.<br><br>Quelle: <a href=\"https:\/\/aktionsbuendnis-brandenburg.de\/birgit-bessin-bewegungsnah-und-rechtsextrem\/\" target=\"_blank\" rel=\"noreferrer noopener\">Aktionsb\u00fcndnis Brandenburg<\/a><\/p>\n<\/blockquote>\n\n\n\n<p class=\"wp-block-paragraph\">Sie alle werden wie gewohnt dazu beitragen, dass Bundestagsdebatten mit lautstarken, beleidigenden und rassistischen P\u00f6beleien gest\u00f6rt werden und die AfD weiterhin gr\u00f6\u00dfter St\u00f6renfried im Parlament sein wird, um ihre antidemokratische Politik zu propagieren.<\/p>\n\n\n\n<p class=\"wp-block-paragraph\">Hoffentlich wird die jetzige BT-Pr\u00e4sidentin genau so souver\u00e4n mit der AfD umgehen, wie es B\u00e4rbel Bas (SPD) getan hat &#8211; siehe <a href=\"https:\/\/youtu.be\/CmWzKSPm4T4\" target=\"_blank\" rel=\"noreferrer noopener\">Video auf Youtube<\/a> oder als mp3-Datei anh\u00f6ren:<\/p>\n\n\n\n<div class=\"wp-block-file\"><a id=\"wp-block-file--media-dced245e-70f5-4364-bfa7-6dbb4fc765b8\" href=\"https:\/\/dikoweb.de\/wp-content\/uploads\/2025\/03\/Abfuhr-fuer-Weidel-nach-Beschwerde-ueber-Zwischenrufe-im-Bundestag.mp3\">Abfuhr f\u00fcr Weidel nach Beschwerde \u00fcber Zwischenrufe im Bundestag<\/a><a href=\"https:\/\/dikoweb.de\/wp-content\/uploads\/2025\/03\/Abfuhr-fuer-Weidel-nach-Beschwerde-ueber-Zwischenrufe-im-Bundestag.mp3\" class=\"wp-block-file__button wp-element-button\" download aria-describedby=\"wp-block-file--media-dced245e-70f5-4364-bfa7-6dbb4fc765b8\">Herunterladen<\/a><\/div>\n\n\n\n<figure class=\"wp-block-embed is-type-video is-provider-youtube wp-block-embed-youtube wp-embed-aspect-16-9 wp-has-aspect-ratio\"><div class=\"wp-block-embed__wrapper\">\n<iframe loading=\"lazy\" title=\"Abfuhr f\u00fcr Weidel nach Beschwerde \u00fcber Zwischenrufe im Bundestag | AFP\" width=\"629\" height=\"354\" src=\"https:\/\/www.youtube.com\/embed\/CmWzKSPm4T4?feature=oembed\" frameborder=\"0\" allow=\"accelerometer; autoplay; clipboard-write; encrypted-media; gyroscope; picture-in-picture; web-share\" referrerpolicy=\"strict-origin-when-cross-origin\" allowfullscreen><\/iframe>\n<\/div><\/figure>\n\n\n\n<p class=\"wp-block-paragraph\"><\/p>\n","protected":false},"excerpt":{"rendered":"<p>Der th\u00fcrringische Faschist H\u00f6cke darf sich freuen: seine vertrauten Rechtsextremisten Stefan M\u00f6ller, Torben Braga und Robert Teske aus Th\u00fcringen haben den Einzug in den Bundestag (BT) geschafft. Damit verlagern sich die Rechtsau\u00dfen-Netzwerke aus Th\u00fcringen weiter in die Bundespolitik. Sie reihen sich ein in die muntere extremistische Runde, zu der u.a. Maximilian Krah (Spitzname &#8222;Schampus-Max&#8220;) geh\u00f6rt, [&hellip;]<\/p>\n","protected":false},"author":2,"featured_media":0,"comment_status":"closed","ping_status":"open","sticky":false,"template":"","format":"standard","meta":{"_crdt_document":"","footnotes":""},"categories":[1,5],"tags":[67,338,374,268],"class_list":["post-5038","post","type-post","status-publish","format-standard","hentry","category-uncategorized","category-politik","tag-afd","tag-bundestag","tag-faschist-hoecke","tag-rechtsextremismus"],"_links":{"self":[{"href":"https:\/\/dikoweb.de\/index.php?rest_route=\/wp\/v2\/posts\/5038","targetHints":{"allow":["GET"]}}],"collection":[{"href":"https:\/\/dikoweb.de\/index.php?rest_route=\/wp\/v2\/posts"}],"about":[{"href":"https:\/\/dikoweb.de\/index.php?rest_route=\/wp\/v2\/types\/post"}],"author":[{"embeddable":true,"href":"https:\/\/dikoweb.de\/index.php?rest_route=\/wp\/v2\/users\/2"}],"replies":[{"embeddable":true,"href":"https:\/\/dikoweb.de\/index.php?rest_route=%2Fwp%2Fv2%2Fcomments&post=5038"}],"version-history":[{"count":34,"href":"https:\/\/dikoweb.de\/index.php?rest_route=\/wp\/v2\/posts\/5038\/revisions"}],"predecessor-version":[{"id":5076,"href":"https:\/\/dikoweb.de\/index.php?rest_route=\/wp\/v2\/posts\/5038\/revisions\/5076"}],"wp:attachment":[{"href":"https:\/\/dikoweb.de\/index.php?rest_route=%2Fwp%2Fv2%2Fmedia&parent=5038"}],"wp:term":[{"taxonomy":"category","embeddable":true,"href":"https:\/\/dikoweb.de\/index.php?rest_route=%2Fwp%2Fv2%2Fcategories&post=5038"},{"taxonomy":"post_tag","embeddable":true,"href":"https:\/\/dikoweb.de\/index.php?rest_route=%2Fwp%2Fv2%2Ftags&post=5038"}],"curies":[{"name":"wp","href":"https:\/\/api.w.org\/{rel}","templated":true}]}}