{"id":5081,"date":"2025-03-29T10:28:00","date_gmt":"2025-03-29T09:28:00","guid":{"rendered":"https:\/\/dikoweb.de\/?p=5081"},"modified":"2025-03-26T23:31:11","modified_gmt":"2025-03-26T22:31:11","slug":"das-leben-will-lebendig-sein","status":"publish","type":"post","link":"https:\/\/dikoweb.de\/?p=5081","title":{"rendered":"Das Leben will lebendig sein"},"content":{"rendered":"\n<p class=\"wp-block-paragraph\">Ein Lied von Konstantin Wecker, das 2018 auf dem Album &#8222;<em>Sage Nein &#8211; Antifaschistische Lieder 1978 bis heute<\/em>&#8220; erschienen ist und &#8211; leider &#8211; nichts an seiner Aussage verloren hat:<\/p>\n\n\n\n<blockquote class=\"wp-block-quote is-layout-flow wp-block-quote-is-layout-flow\">\n<p class=\"wp-block-paragraph\">Was ist passiert? Wie kann das sein?<br>Was gr\u00f6len die f\u00fcr Lieder?<br>Was kocht da derart unverbl\u00fcmt<br>die braune Br\u00fche wieder?<\/p>\n\n\n\n<p class=\"wp-block-paragraph\">Wie hasserf\u00fcllt muss jemand sein<br>von wie viel Angst besetzt<br>dass er sein Heil in etwas sucht<br>das mordet und verletzt<\/p>\n\n\n\n<p class=\"wp-block-paragraph\">Sieg Heil? Was war das f\u00fcr ein Sieg?<br>Und wessen Heil war das?<br>Wer wird schon heil in einer Welt<br>voll Angst, Gewalt und Hass?<br><br><strong>[Auszug aus dem Liedtext]<\/strong><\/p>\n<\/blockquote>\n\n\n\n<figure class=\"wp-block-embed is-type-video is-provider-youtube wp-block-embed-youtube wp-embed-aspect-16-9 wp-has-aspect-ratio\"><div class=\"wp-block-embed__wrapper\">\n<iframe loading=\"lazy\" title=\"Konstantin Wecker - Das Leben will lebendig sein - Welturauff\u00fchrung\" width=\"629\" height=\"354\" src=\"https:\/\/www.youtube.com\/embed\/tuCl_5pwsTU?feature=oembed\" frameborder=\"0\" allow=\"accelerometer; autoplay; clipboard-write; encrypted-media; gyroscope; picture-in-picture; web-share\" referrerpolicy=\"strict-origin-when-cross-origin\" allowfullscreen><\/iframe>\n<\/div><\/figure>\n","protected":false},"excerpt":{"rendered":"<p>Ein Lied von Konstantin Wecker, das 2018 auf dem Album &#8222;Sage Nein &#8211; Antifaschistische Lieder 1978 bis heute&#8220; erschienen ist und &#8211; leider &#8211; nichts an seiner Aussage verloren hat: Was ist passiert? Wie kann das sein?Was gr\u00f6len die f\u00fcr Lieder?Was kocht da derart unverbl\u00fcmtdie braune Br\u00fche wieder? Wie hasserf\u00fcllt muss jemand seinvon wie viel [&hellip;]<\/p>\n","protected":false},"author":2,"featured_media":0,"comment_status":"closed","ping_status":"open","sticky":false,"template":"","format":"standard","meta":{"_crdt_document":"","footnotes":""},"categories":[1,4],"tags":[67,375,268,376],"class_list":["post-5081","post","type-post","status-publish","format-standard","hentry","category-uncategorized","category-musik","tag-afd","tag-konstantin-wecker","tag-rechtsextremismus","tag-widerstand"],"_links":{"self":[{"href":"https:\/\/dikoweb.de\/index.php?rest_route=\/wp\/v2\/posts\/5081","targetHints":{"allow":["GET"]}}],"collection":[{"href":"https:\/\/dikoweb.de\/index.php?rest_route=\/wp\/v2\/posts"}],"about":[{"href":"https:\/\/dikoweb.de\/index.php?rest_route=\/wp\/v2\/types\/post"}],"author":[{"embeddable":true,"href":"https:\/\/dikoweb.de\/index.php?rest_route=\/wp\/v2\/users\/2"}],"replies":[{"embeddable":true,"href":"https:\/\/dikoweb.de\/index.php?rest_route=%2Fwp%2Fv2%2Fcomments&post=5081"}],"version-history":[{"count":3,"href":"https:\/\/dikoweb.de\/index.php?rest_route=\/wp\/v2\/posts\/5081\/revisions"}],"predecessor-version":[{"id":5084,"href":"https:\/\/dikoweb.de\/index.php?rest_route=\/wp\/v2\/posts\/5081\/revisions\/5084"}],"wp:attachment":[{"href":"https:\/\/dikoweb.de\/index.php?rest_route=%2Fwp%2Fv2%2Fmedia&parent=5081"}],"wp:term":[{"taxonomy":"category","embeddable":true,"href":"https:\/\/dikoweb.de\/index.php?rest_route=%2Fwp%2Fv2%2Fcategories&post=5081"},{"taxonomy":"post_tag","embeddable":true,"href":"https:\/\/dikoweb.de\/index.php?rest_route=%2Fwp%2Fv2%2Ftags&post=5081"}],"curies":[{"name":"wp","href":"https:\/\/api.w.org\/{rel}","templated":true}]}}