{"id":5122,"date":"2025-04-07T16:40:18","date_gmt":"2025-04-07T14:40:18","guid":{"rendered":"https:\/\/dikoweb.de\/?p=5122"},"modified":"2025-04-07T16:41:00","modified_gmt":"2025-04-07T14:41:00","slug":"kein-ausschussvorsitz-fuer-rechtsextremisten","status":"publish","type":"post","link":"https:\/\/dikoweb.de\/?p=5122","title":{"rendered":"Kein Ausschussvorsitz f\u00fcr Rechtsextremisten!"},"content":{"rendered":"\n<pre class=\"wp-block-preformatted\">Zitierte Quelle: <a href=\"https:\/\/aktion.campact.de\/rechtsextremismus\/kein-afd-ausschussvorsitz-bundestag\/teilnehmen\" target=\"_blank\" rel=\"noreferrer noopener\">aktion.campact.de<\/a><\/pre>\n\n\n\n<p class=\"wp-block-paragraph\">Die CDU will der AfD wichtige Leitungspositionen im Bundestag \u00fcberlassen. Wenn die rechtsextreme Partei den Vorsitz von Aussch\u00fcssen bekommt, k\u00f6nnte sie wesentliche Abl\u00e4ufe im Parlament sabotieren und die Demokratie so von innen aush\u00f6hlen.<\/p>\n\n\n<div class=\"wp-block-image\">\n<figure class=\"aligncenter size-full\"><img loading=\"lazy\" decoding=\"async\" width=\"474\" height=\"474\" src=\"https:\/\/dikoweb.de\/wp-content\/uploads\/2025\/01\/afd-nein-danke.jpg\" alt=\"\" class=\"wp-image-4554\" srcset=\"https:\/\/dikoweb.de\/wp-content\/uploads\/2025\/01\/afd-nein-danke.jpg 474w, https:\/\/dikoweb.de\/wp-content\/uploads\/2025\/01\/afd-nein-danke-300x300.jpg 300w, https:\/\/dikoweb.de\/wp-content\/uploads\/2025\/01\/afd-nein-danke-150x150.jpg 150w, https:\/\/dikoweb.de\/wp-content\/uploads\/2025\/01\/afd-nein-danke-88x88.jpg 88w\" sizes=\"auto, (max-width: 474px) 100vw, 474px\" \/><\/figure>\n<\/div>\n\n\n<p class=\"wp-block-paragraph\">Die AfD-Abgeordneten k\u00f6nnten diese wichtigen Posten ausnutzen, um die Arbeit der Aussch\u00fcsse zu behindern, zu blockieren oder sogar gezielt zu sabotieren. Beispiele aus der Vergangenheit zeigen deutlich, wie die AfD parlamentarische Machtpositionen gezielt nutzt, um unsere Demokratie zu sabotieren:<\/p>\n\n\n\n<ul class=\"wp-block-list\">\n<li>Der AfD-Abgeordnete Stephan Brandner wurde 2018 zum Vorsitzenden des Rechtsausschusses gew\u00e4hlt. W\u00e4hrend seiner Amtszeit sorgte Brandner f\u00fcr <a href=\"https:\/\/www.zeit.de\/politik\/deutschland\/2019-11\/stephan-brandner-afd-abwahl-rechtsausschuss-bundestag\/komplettansicht\" target=\"_blank\" rel=\"noreferrer noopener\">Skandale und Chaos im Ausschuss, provozierte mit verbalen Entgleisungen<\/a> und <a href=\"https:\/\/www.zeit.de\/politik\/deutschland\/2019-11\/stephan-brandner-als-vorsitzender-des-rechtsausschusses-abgewaehlt\" target=\"_blank\" rel=\"noreferrer noopener\">blieb den Sitzungen oft fern<\/a>. Immer wieder fiel er durch antisemitische und rassistische \u00c4u\u00dferungen auf. 2019 w\u00e4hlten die Mitglieder des Rechtsausschusses Brandner als Vorsitzenden wieder ab \u2013 ein bisher einmaliger Vorgang.\u00a0<\/li>\n\n\n\n<li>Der AfD-Alterspr\u00e4sident J\u00fcrgen Treutler <a href=\"https:\/\/taz.de\/AfD-im-Thueringer-Landtag\/!6035803\/\" target=\"_blank\" rel=\"noreferrer noopener\">legte 2024 den Th\u00fcringer Landtag lahm<\/a>, indem er trotz wiederholter Aufforderungen aller Fraktionen nicht \u00fcber die Antr\u00e4ge anderer Parteien abstimmen lie\u00df. Die Sitzung des Landtags musste ergebnislos abgebrochen werden. Erst <a href=\"https:\/\/www.tagesschau.de\/eilmeldung\/gericht-thueringen-landtag-100.html\" target=\"_blank\" rel=\"noreferrer noopener\">ein Urteil des Th\u00fcringer Verfassungsgerichts<\/a> konnte die Blockade beenden.\u00a0<\/li>\n<\/ul>\n\n\n\n<p class=\"wp-block-paragraph\">Die AfD wird in mehreren Bundesl\u00e4ndern vom <a href=\"https:\/\/www.rnd.de\/politik\/wo-gelten-afd-und-junge-alternative-als-gesichert-rechtsextrem-und-was-bedeutet-das-BEOYLLR67FCABBNQ6ESSRUZJWM.html\" rel=\"noreferrer noopener\" target=\"_blank\">Verfassungsschutz<\/a> als rechtsextrem eingestuft. Ihre politischen Ziele stehen den Grundwerten der Demokratie entgegen. Viele AfD-Vertreter*innen verbreiten <a href=\"https:\/\/cemas.io\/blog\/verschwoerungserzaehlungen-und-die-afd\/\" rel=\"noreferrer noopener\" target=\"_blank\">Verschw\u00f6rungsmythen<\/a> und behindern parlamentarische Abl\u00e4ufe, um so das Vertrauen in demokratische Institutionen zu untergraben.&nbsp;<\/p>\n\n\n\n<p class=\"wp-block-paragraph\"><a href=\"https:\/\/aktion.campact.de\/rechtsextremismus\/kein-afd-ausschussvorsitz-bundestag\/teilnehmen\" target=\"_blank\" rel=\"noreferrer noopener\">Mach jetzt mit: Keine Macht f\u00fcr die AfD im Bundestag!<\/a><\/p>\n\n\n\n<p class=\"wp-block-paragraph\"><\/p>\n","protected":false},"excerpt":{"rendered":"<p>Zitierte Quelle: aktion.campact.de Die CDU will der AfD wichtige Leitungspositionen im Bundestag \u00fcberlassen. Wenn die rechtsextreme Partei den Vorsitz von Aussch\u00fcssen bekommt, k\u00f6nnte sie wesentliche Abl\u00e4ufe im Parlament sabotieren und die Demokratie so von innen aush\u00f6hlen. Die AfD-Abgeordneten k\u00f6nnten diese wichtigen Posten ausnutzen, um die Arbeit der Aussch\u00fcsse zu behindern, zu blockieren oder sogar gezielt [&hellip;]<\/p>\n","protected":false},"author":2,"featured_media":0,"comment_status":"closed","ping_status":"open","sticky":false,"template":"","format":"standard","meta":{"_crdt_document":"","footnotes":""},"categories":[1,5],"tags":[67,268],"class_list":["post-5122","post","type-post","status-publish","format-standard","hentry","category-uncategorized","category-politik","tag-afd","tag-rechtsextremismus"],"_links":{"self":[{"href":"https:\/\/dikoweb.de\/index.php?rest_route=\/wp\/v2\/posts\/5122","targetHints":{"allow":["GET"]}}],"collection":[{"href":"https:\/\/dikoweb.de\/index.php?rest_route=\/wp\/v2\/posts"}],"about":[{"href":"https:\/\/dikoweb.de\/index.php?rest_route=\/wp\/v2\/types\/post"}],"author":[{"embeddable":true,"href":"https:\/\/dikoweb.de\/index.php?rest_route=\/wp\/v2\/users\/2"}],"replies":[{"embeddable":true,"href":"https:\/\/dikoweb.de\/index.php?rest_route=%2Fwp%2Fv2%2Fcomments&post=5122"}],"version-history":[{"count":2,"href":"https:\/\/dikoweb.de\/index.php?rest_route=\/wp\/v2\/posts\/5122\/revisions"}],"predecessor-version":[{"id":5124,"href":"https:\/\/dikoweb.de\/index.php?rest_route=\/wp\/v2\/posts\/5122\/revisions\/5124"}],"wp:attachment":[{"href":"https:\/\/dikoweb.de\/index.php?rest_route=%2Fwp%2Fv2%2Fmedia&parent=5122"}],"wp:term":[{"taxonomy":"category","embeddable":true,"href":"https:\/\/dikoweb.de\/index.php?rest_route=%2Fwp%2Fv2%2Fcategories&post=5122"},{"taxonomy":"post_tag","embeddable":true,"href":"https:\/\/dikoweb.de\/index.php?rest_route=%2Fwp%2Fv2%2Ftags&post=5122"}],"curies":[{"name":"wp","href":"https:\/\/api.w.org\/{rel}","templated":true}]}}