{"id":5155,"date":"2025-04-22T10:07:00","date_gmt":"2025-04-22T08:07:00","guid":{"rendered":"https:\/\/dikoweb.de\/?p=5155"},"modified":"2025-04-21T19:09:27","modified_gmt":"2025-04-21T17:09:27","slug":"friedrich-merz-ein-mann-der-konzerne","status":"publish","type":"post","link":"https:\/\/dikoweb.de\/?p=5155","title":{"rendered":"Friedrich Merz &#8211; ein Mann der Konzerne"},"content":{"rendered":"\n<p class=\"wp-block-paragraph\"><strong>Und der will &#8222;Kanzler aller Deutschen&#8220; sein &#8211; ein vielfacher Million\u00e4r, der als Jurist und Lobbyberater f\u00fcr die gro\u00dfen Konzerne gearbeitet hat?<\/strong><\/p>\n\n\n\n<p class=\"wp-block-paragraph\">CORRECTIV hat zu seinen beruflichen Aktivit\u00e4ten recherchiert und h\u00e4tte gerne von Merz erfahren, wie er mit Interessenkonflikten umgeht, und wie er seine N\u00e4he zu einflussreichen Lobbygruppen bewertet. Aber die Fragen von CORRECTIV l\u00e4sst er unbeantwortet \u2013 trotz mehrerer Nachfragen.<\/p>\n\n\n\n<p class=\"wp-block-paragraph\">Der Politikwissenschaftler und Lobbyismusexperte von der Universit\u00e4t Duisburg-Essen, Maximilian Schiffers, sieht einen schwierigen Rollenwechsel f\u00fcr Merz. \u201e<em>Als Unternehmensanwalt muss er den Gewinn maximieren und Einzelinteressen vertreten \u2013 als Kanzler das Gemeinwohl im Blick haben.<\/em>\u201c Schon der Anschein, pers\u00f6nliche Vorlieben und Kontakte k\u00f6nnten ihn beeinflussen, k\u00f6nnte ihm politisch schaden. Immerhin arbeitete er 16 Jahre als Anwalt f\u00fcr Gro\u00dfkonzerne und sa\u00df in mindestens 15 Aufsichts- und Verwaltungsr\u00e4ten. \u201e<em>Seine Biografie bietet eine Angriffsfl\u00e4che<\/em>\u201c, so Schiffers. <\/p>\n\n\n\n<p class=\"wp-block-paragraph\">Teil seiner beruflichen Biografie geh\u00f6rt u.a., dass <a href=\"https:\/\/www.mayerbrown.com\/de\/people\/m\/merz-friedrich\" target=\"_blank\" rel=\"noreferrer noopener\">Merz die Berliner Kanzlei von Mayer Brown<\/a> geleitet hat. Diese verteidigte 2015, zu Merz\u2019 Zeit in der Kanzlei, Volkswagen gegen die Anspr\u00fcche der Autofahrer im Dieselskandal. Heute, so schreibt Mayer Brown auf ihrer Homepage, \u201e<em>ruht seine Anwaltszulassung bis auf weiteres und damit auch die T\u00e4tigkeit bei Mayer Brown<\/em>.\u201c Schon vor seinem Antritt bei Mayer Brown hatte Merz enge Verbindungen zu BASF.<\/p>\n\n\n\n<p class=\"wp-block-paragraph\">Nach dem Jurastudium und einer kurzen Zeit als Richter startete er seine Karriere als Referent beim Verband der chemischen Industrie (VCI) \u2013 in dessen Pr\u00e4sidium BASF stets vertreten ist. Mayer Brown vertritt als Kanzlei BASF, den umsatzst\u00e4rksten Chemiekonzern der Welt. Blackrock, dessen Aufsichtsratsvorsitzender Merz war, ist der gr\u00f6\u00dfte Investor bei dem Chemieriesen. Und fast ein Jahrzehnt war Merz Verwaltungsrat bei BASF Antwerpen.<\/p>\n\n\n\n<blockquote class=\"wp-block-quote is-layout-flow wp-block-quote-is-layout-flow\">\n<p class=\"wp-block-paragraph\">Insbesondere gilt dies f\u00fcr die Chemiebranche. Bei heiklen Konflikten zieht BASF die Anw\u00e4lte der Firma Mayer Brown hinzu: Die Kanzlei verhandelte vor dem US-Supreme Court einen der weltgr\u00f6\u00dften Handelsstreits \u00fcber Preisabsprachen bei Vitaminpr\u00e4paraten. Ebenso verteidigte sie BASFs milliardenschwere Lizenzen f\u00fcr ein sibirisches \u00d6lfeld. Mittlerweile ist der Ludwigshafener Chemieriese selbst in Gremien der Kanzlei vertreten.<\/p>\n\n\n\n<p class=\"wp-block-paragraph\">Merz m\u00fcsste also als Kanzler seinen fr\u00fcheren Auftraggeber BASF kontrollieren und gegebenenfalls einschr\u00e4nken \u2013 schlie\u00dflich geht es um eine Branche mit oft umwelt- und gesundheitssch\u00e4dlichen Produkten wie Pestiziden, Plastik und PVC. Zudem nutzt BASF in Deutschland mehr <a href=\"https:\/\/correctiv.org\/aktuelles\/klimawandel\/2022\/06\/24\/wasser-verbrauch-unternehmen-private-haushalte\/\">Wasser<\/a> als alle anderen Industrien \u2013 ein politisch brisantes Thema, wenn in D\u00fcrrezeiten \u00fcber Wasserlimits f\u00fcr die Industrie diskutiert wird. Auch hierzu antwortet Merz auf Anfrage von CORRECTIV nicht.<\/p>\n\n\n\n<p class=\"wp-block-paragraph\">Wenn er sich \u00f6ffentlich zur Wirtschaftspolitik \u00e4u\u00dfert, klingen seine Worte in vielen F\u00e4llen wie vom Chemieverband VCI vorformuliert: Der Ruf nach einem \u201eBelastungsmoratorium\u201c f\u00fcr Unternehmen, der Kampf gegen das \u201eB\u00fcrokratiemonster\u201c und ein Abbau der \u201eBerichtspflichten\u201c f\u00fcr die Wirtschaft \u2013 Merz und seine fr\u00fchere Arbeitgeberin, die chemische Industrie, stimmen erstaunlich oft \u00fcberein, sogar in der exakten Wortwahl.<br><br>Quelle: corrective.org<\/p>\n<\/blockquote>\n\n\n\n<div class=\"wp-block-cover\"><img loading=\"lazy\" decoding=\"async\" width=\"663\" height=\"1025\" class=\"wp-block-cover__image-background wp-image-5158\" alt=\"\" src=\"https:\/\/dikoweb.de\/wp-content\/uploads\/2025\/04\/merz-und-basf.jpg\" data-object-fit=\"cover\" srcset=\"https:\/\/dikoweb.de\/wp-content\/uploads\/2025\/04\/merz-und-basf.jpg 663w, https:\/\/dikoweb.de\/wp-content\/uploads\/2025\/04\/merz-und-basf-194x300.jpg 194w\" sizes=\"auto, (max-width: 663px) 100vw, 663px\" \/><span aria-hidden=\"true\" class=\"wp-block-cover__background has-background-dim\"><\/span><div class=\"wp-block-cover__inner-container is-layout-flow wp-block-cover-is-layout-flow\">\n<p class=\"has-text-align-center has-large-font-size wp-block-paragraph\">Quelle: corrective.org<\/p>\n<\/div><\/div>\n\n\n\n<p class=\"wp-block-paragraph\">Wer mehr \u00fcber das Lobby-Netzwerk von Friedrich Merz erfahren m\u00f6chte, kann dieses bei <a href=\"https:\/\/correctiv.org\/aktuelles\/wirtschaft\/2025\/01\/28\/bester-mann-der-grosskonzerne-das-lobby-netzwerk-von-friedrich-merz\/\" target=\"_blank\" rel=\"noreferrer noopener\">CORRECTIVE<\/a> tun.<\/p>\n","protected":false},"excerpt":{"rendered":"<p>Und der will &#8222;Kanzler aller Deutschen&#8220; sein &#8211; ein vielfacher Million\u00e4r, der als Jurist und Lobbyberater f\u00fcr die gro\u00dfen Konzerne gearbeitet hat? CORRECTIV hat zu seinen beruflichen Aktivit\u00e4ten recherchiert und h\u00e4tte gerne von Merz erfahren, wie er mit Interessenkonflikten umgeht, und wie er seine N\u00e4he zu einflussreichen Lobbygruppen bewertet. Aber die Fragen von CORRECTIV l\u00e4sst [&hellip;]<\/p>\n","protected":false},"author":2,"featured_media":0,"comment_status":"closed","ping_status":"open","sticky":false,"template":"","format":"standard","meta":{"_crdt_document":"","footnotes":""},"categories":[1,5],"tags":[386,66,385],"class_list":["post-5155","post","type-post","status-publish","format-standard","hentry","category-uncategorized","category-politik","tag-basf","tag-friedrich-merz","tag-lobbyist"],"_links":{"self":[{"href":"https:\/\/dikoweb.de\/index.php?rest_route=\/wp\/v2\/posts\/5155","targetHints":{"allow":["GET"]}}],"collection":[{"href":"https:\/\/dikoweb.de\/index.php?rest_route=\/wp\/v2\/posts"}],"about":[{"href":"https:\/\/dikoweb.de\/index.php?rest_route=\/wp\/v2\/types\/post"}],"author":[{"embeddable":true,"href":"https:\/\/dikoweb.de\/index.php?rest_route=\/wp\/v2\/users\/2"}],"replies":[{"embeddable":true,"href":"https:\/\/dikoweb.de\/index.php?rest_route=%2Fwp%2Fv2%2Fcomments&post=5155"}],"version-history":[{"count":6,"href":"https:\/\/dikoweb.de\/index.php?rest_route=\/wp\/v2\/posts\/5155\/revisions"}],"predecessor-version":[{"id":5164,"href":"https:\/\/dikoweb.de\/index.php?rest_route=\/wp\/v2\/posts\/5155\/revisions\/5164"}],"wp:attachment":[{"href":"https:\/\/dikoweb.de\/index.php?rest_route=%2Fwp%2Fv2%2Fmedia&parent=5155"}],"wp:term":[{"taxonomy":"category","embeddable":true,"href":"https:\/\/dikoweb.de\/index.php?rest_route=%2Fwp%2Fv2%2Fcategories&post=5155"},{"taxonomy":"post_tag","embeddable":true,"href":"https:\/\/dikoweb.de\/index.php?rest_route=%2Fwp%2Fv2%2Ftags&post=5155"}],"curies":[{"name":"wp","href":"https:\/\/api.w.org\/{rel}","templated":true}]}}