{"id":5173,"date":"2025-04-23T09:57:00","date_gmt":"2025-04-23T07:57:00","guid":{"rendered":"https:\/\/dikoweb.de\/?p=5173"},"modified":"2025-04-24T23:14:50","modified_gmt":"2025-04-24T21:14:50","slug":"das-phaenomen-klub-27","status":"publish","type":"post","link":"https:\/\/dikoweb.de\/?p=5173","title":{"rendered":"Das Ph\u00e4nomen &#8222;Club 27&#8220;"},"content":{"rendered":"\n<p class=\"wp-block-paragraph\">Der <strong>Club 27<\/strong> bezeichnet eine Gruppe von ber\u00fchmten Musikerinnen und Musikern, die alle <strong>im Alter von 27 Jahren<\/strong> auf tragische Weise gestorben sind. Der Begriff entstand, weil auff\u00e4llig viele Rock- und Popstars in diesem Alter verstarben \u2013 oft durch Drogen, Alkohol, Unf\u00e4lle oder Selbstmord.<\/p>\n\n\n\n<p class=\"wp-block-paragraph\">Zu den bekanntesten Mitgliedern des Klub 27 geh\u00f6ren:<\/p>\n\n\n\n<ul class=\"wp-block-list\">\n<li><strong>Jimi Hendrix<\/strong> (\u2020 1970) \u2013 Gitarrist und Rocklegende<\/li>\n\n\n\n<li><strong>Janis Joplin<\/strong> (\u2020 1970) \u2013 S\u00e4ngerin und Ikone des Psychedelic Rock<\/li>\n\n\n\n<li><strong>Jim Morrison<\/strong> (\u2020 1971) \u2013 S\u00e4nger der Band <em>The Doors<\/em><\/li>\n\n\n\n<li><strong>Kurt Cobain<\/strong> (\u2020 1994) \u2013 Frontmann von <em>Nirvana<\/em><\/li>\n\n\n\n<li><strong>Amy Winehouse<\/strong> (\u2020 2011) \u2013 Soul- und Pops\u00e4ngerin<\/li>\n<\/ul>\n\n\n\n<p class=\"wp-block-paragraph\">Auch <strong>Pete Ham<\/strong> von <em>Badfinger<\/em> z\u00e4hlt dazu. Der britische S\u00e4nger, Gitarrist und Songwriter war Gr\u00fcndungsmitglied der Band. Er schrieb unter anderem den Hit \u201eWithout You\u201c, der sp\u00e4ter durch Harry Nilsson und Mariah Carey weltber\u00fchmt wurde. Ham beging im Alter von 27 Jahren Suizid und wird daher oft dem sogenannten \u201eClub 27\u201c zugeordnet.<\/p>\n\n\n\n<p class=\"wp-block-paragraph\">Der Klub 27 steht symbolisch f\u00fcr den Mythos vom \u201ezerst\u00f6rerischen Leben im Rampenlicht\u201c: gro\u00dfe Talente, die dem Druck, dem Ruhm und oft auch den eigenen inneren D\u00e4monen nicht standhalten konnten. Der Begriff wird manchmal auch kritisch gesehen, weil er ein tragisches Schicksal fast romantisiert.<\/p>\n\n\n\n<figure class=\"wp-block-image size-large\"><img loading=\"lazy\" decoding=\"async\" width=\"1024\" height=\"400\" src=\"https:\/\/dikoweb.de\/wp-content\/uploads\/2025\/04\/Graffiti_Tel_Aviv_Khayim_Ben_Atar_St_-_zoom-1024x400.jpg\" alt=\"\" class=\"wp-image-5175\" srcset=\"https:\/\/dikoweb.de\/wp-content\/uploads\/2025\/04\/Graffiti_Tel_Aviv_Khayim_Ben_Atar_St_-_zoom-1024x400.jpg 1024w, https:\/\/dikoweb.de\/wp-content\/uploads\/2025\/04\/Graffiti_Tel_Aviv_Khayim_Ben_Atar_St_-_zoom-300x117.jpg 300w, https:\/\/dikoweb.de\/wp-content\/uploads\/2025\/04\/Graffiti_Tel_Aviv_Khayim_Ben_Atar_St_-_zoom-768x300.jpg 768w, https:\/\/dikoweb.de\/wp-content\/uploads\/2025\/04\/Graffiti_Tel_Aviv_Khayim_Ben_Atar_St_-_zoom-1536x601.jpg 1536w, https:\/\/dikoweb.de\/wp-content\/uploads\/2025\/04\/Graffiti_Tel_Aviv_Khayim_Ben_Atar_St_-_zoom-2048x801.jpg 2048w, https:\/\/dikoweb.de\/wp-content\/uploads\/2025\/04\/Graffiti_Tel_Aviv_Khayim_Ben_Atar_St_-_zoom-900x352.jpg 900w, https:\/\/dikoweb.de\/wp-content\/uploads\/2025\/04\/Graffiti_Tel_Aviv_Khayim_Ben_Atar_St_-_zoom-1280x501.jpg 1280w\" sizes=\"auto, (max-width: 1024px) 100vw, 1024px\" \/><figcaption class=\"wp-element-caption\">Ein <a href=\"https:\/\/de.wikipedia.org\/wiki\/Graffiti\">Graffito<\/a> in <a href=\"https:\/\/de.wikipedia.org\/wiki\/Tel_Aviv\">Tel Aviv<\/a> erg\u00e4nzt den Maler <a href=\"https:\/\/de.wikipedia.org\/wiki\/Jean-Michel_Basquiat\">Jean-Michel Basquiat<\/a> (dritter von rechts) zu den Big Six, chronologisch geordnet von links: <a href=\"https:\/\/de.wikipedia.org\/wiki\/Brian_Jones_(Musiker)\">Brian Jones<\/a>, <a href=\"https:\/\/de.wikipedia.org\/wiki\/Jimi_Hendrix\">Jimi Hendrix<\/a>, <a href=\"https:\/\/de.wikipedia.org\/wiki\/Janis_Joplin\">Janis Joplin<\/a>, <a href=\"https:\/\/de.wikipedia.org\/wiki\/Jim_Morrison\">Jim Morrison<\/a>, <a href=\"https:\/\/de.wikipedia.org\/wiki\/Kurt_Cobain\">Kurt Cobain<\/a> und <a href=\"https:\/\/de.wikipedia.org\/wiki\/Amy_Winehouse\">Amy Winehouse<\/a><\/figcaption><\/figure>\n\n\n\n<h3 class=\"wp-block-heading\">Wie entstand der Mythos vom \u201eKlub 27\u201c?<\/h3>\n\n\n\n<p class=\"wp-block-paragraph\">Die ersten Hinweise auf ein \u201eMuster\u201c traten Anfang der 1970er Jahre auf. Innerhalb von nur <strong>zwei Jahren<\/strong> starben drei der gr\u00f6\u00dften Musikikonen ihrer Zeit:<\/p>\n\n\n\n<ul class=\"wp-block-list\">\n<li><strong>Jimi Hendrix<\/strong> \u2013 September 1970 (Ersticken infolge von Drogenkonsum)<\/li>\n\n\n\n<li><strong>Janis Joplin<\/strong> \u2013 Oktober 1970 (Heroin-\u00dcberdosis)<\/li>\n\n\n\n<li><strong>Jim Morrison<\/strong> \u2013 Juli 1971 (vermutlich Herzversagen, m\u00f6glicherweise Drogenkonsum)<\/li>\n<\/ul>\n\n\n\n<p class=\"wp-block-paragraph\">Alle waren <strong>27 Jahre alt<\/strong>. Diese auff\u00e4llige H\u00e4ufung f\u00fchrte zu ersten Spekulationen: War es Zufall? War dieses Alter besonders gef\u00e4hrlich f\u00fcr kreative Menschen? Oder steckte mehr dahinter?<\/p>\n\n\n\n<p class=\"wp-block-paragraph\">Doch der Begriff <strong>\u201eClub 27\u201c<\/strong> oder <strong>\u201e27 Club\u201c<\/strong> wurde <strong>erst Jahrzehnte sp\u00e4ter<\/strong> popul\u00e4r \u2013 insbesondere nach dem Tod von <strong>Kurt Cobain<\/strong> im Jahr 1994. Cobain, Frontmann von Nirvana, nahm sich ebenfalls mit 27 Jahren das Leben. Medien und Fans begannen, Parallelen zu den Rocklegenden der 70er zu ziehen. Der Begriff \u201eKlub 27\u201c tauchte nun vermehrt in Artikeln, Dokumentationen und Fan-Diskussionen auf.<\/p>\n\n\n\n<p class=\"wp-block-paragraph\">Als 2011 <strong>Amy Winehouse<\/strong> im selben Alter starb, schien sich das Muster zu best\u00e4tigen \u2013 und der Mythos war endg\u00fcltig in der Popkultur verankert.<\/p>\n\n\n\n<hr class=\"wp-block-separator has-alpha-channel-opacity\"\/>\n\n\n\n<h3 class=\"wp-block-heading\">Warum fasziniert der Klub 27 so sehr?<\/h3>\n\n\n\n<ul class=\"wp-block-list\">\n<li><strong>Romantisierung des Leidensgenies<\/strong>: Die Vorstellung vom genialen, sensiblen K\u00fcnstler, der an der Welt zerbricht, ist tief in der Kultur verwurzelt.<\/li>\n\n\n\n<li><strong>Tragischer Ruhm<\/strong>: Viele Mitglieder des Klub 27 starben auf dem H\u00f6hepunkt ihrer Karriere \u2013 ihre Musik bleibt unverg\u00e4nglich, ihr Leben scheinbar unvollendet.<\/li>\n\n\n\n<li><strong>Medienwirkung<\/strong>: Filme, B\u00fccher und Dokus haben den Mythos verst\u00e4rkt. Es gibt sogar Verschw\u00f6rungstheorien und esoterische Deutungen rund um das Alter 27.<\/li>\n<\/ul>\n\n\n\n<hr class=\"wp-block-separator has-alpha-channel-opacity\"\/>\n\n\n\n<h3 class=\"wp-block-heading\">Fazit<\/h3>\n\n\n\n<p class=\"wp-block-paragraph\">Der \u201eKlub 27\u201c ist ein kulturelles Ph\u00e4nomen, das auf echten Trag\u00f6dien basiert \u2013 aber auch auf dem Wunsch, in Mustern Sinn zu erkennen. F\u00fcr viele bleibt er eine d\u00fcstere Erinnerung daran, wie zerbrechlich selbst gro\u00dfe Stars sein k\u00f6nnen.<\/p>\n\n\n\n<p class=\"wp-block-paragraph\"><\/p>\n","protected":false},"excerpt":{"rendered":"<p>Der Club 27 bezeichnet eine Gruppe von ber\u00fchmten Musikerinnen und Musikern, die alle im Alter von 27 Jahren auf tragische Weise gestorben sind. Der Begriff entstand, weil auff\u00e4llig viele Rock- und Popstars in diesem Alter verstarben \u2013 oft durch Drogen, Alkohol, Unf\u00e4lle oder Selbstmord. Zu den bekanntesten Mitgliedern des Klub 27 geh\u00f6ren: Auch Pete Ham [&hellip;]<\/p>\n","protected":false},"author":2,"featured_media":0,"comment_status":"closed","ping_status":"open","sticky":false,"template":"","format":"standard","meta":{"_crdt_document":"","footnotes":""},"categories":[1,4],"tags":[393,390,391,389,388,392],"class_list":["post-5173","post","type-post","status-publish","format-standard","hentry","category-uncategorized","category-musik","tag-amy-winehouse","tag-janis-joplin","tag-jim-morrison","tag-jimi-hendrix","tag-klub-27","tag-kurt-cobain"],"_links":{"self":[{"href":"https:\/\/dikoweb.de\/index.php?rest_route=\/wp\/v2\/posts\/5173","targetHints":{"allow":["GET"]}}],"collection":[{"href":"https:\/\/dikoweb.de\/index.php?rest_route=\/wp\/v2\/posts"}],"about":[{"href":"https:\/\/dikoweb.de\/index.php?rest_route=\/wp\/v2\/types\/post"}],"author":[{"embeddable":true,"href":"https:\/\/dikoweb.de\/index.php?rest_route=\/wp\/v2\/users\/2"}],"replies":[{"embeddable":true,"href":"https:\/\/dikoweb.de\/index.php?rest_route=%2Fwp%2Fv2%2Fcomments&post=5173"}],"version-history":[{"count":8,"href":"https:\/\/dikoweb.de\/index.php?rest_route=\/wp\/v2\/posts\/5173\/revisions"}],"predecessor-version":[{"id":5183,"href":"https:\/\/dikoweb.de\/index.php?rest_route=\/wp\/v2\/posts\/5173\/revisions\/5183"}],"wp:attachment":[{"href":"https:\/\/dikoweb.de\/index.php?rest_route=%2Fwp%2Fv2%2Fmedia&parent=5173"}],"wp:term":[{"taxonomy":"category","embeddable":true,"href":"https:\/\/dikoweb.de\/index.php?rest_route=%2Fwp%2Fv2%2Fcategories&post=5173"},{"taxonomy":"post_tag","embeddable":true,"href":"https:\/\/dikoweb.de\/index.php?rest_route=%2Fwp%2Fv2%2Ftags&post=5173"}],"curies":[{"name":"wp","href":"https:\/\/api.w.org\/{rel}","templated":true}]}}