{"id":5233,"date":"2025-05-07T09:24:14","date_gmt":"2025-05-07T07:24:14","guid":{"rendered":"https:\/\/dikoweb.de\/?p=5233"},"modified":"2025-05-07T09:33:29","modified_gmt":"2025-05-07T07:33:29","slug":"glueckwunsch-bundesrepublik","status":"publish","type":"post","link":"https:\/\/dikoweb.de\/?p=5233","title":{"rendered":"Gl\u00fcckwunsch Bundesrepublik!"},"content":{"rendered":"\n<p class=\"wp-block-paragraph\">&#8222;Wir schaffen das!&#8220; hat Angela Merkel mal gesagt, damit aber etwas anderes gemeint. &#8222;Wir schaffen dich&#8220; hat sie vielleicht in Bezug auf Friedrich Merz gedacht, doch sie hat sich get\u00e4uscht. So wie er sein Wahlvolk get\u00e4uscht hat.<\/p>\n\n\n\n<blockquote class=\"wp-block-quote is-layout-flow wp-block-quote-is-layout-flow\">\n<p class=\"wp-block-paragraph\">So mogelte sich Merz durch den Wahlkampf und an die Macht. Dabei produzierte er reihenweise Entt\u00e4uschungen bei jenen Mitgliedern und W\u00e4h\u00adle\u00adr:in\u00adnen der Union, die dem einstigen Aufsichtsrat glaubten, man m\u00fcsse einfache L\u00f6sungen nur straff genug durchpauken, um erfolgreich zu sein. Seine verkorkste Wahl zum Kanzler hat gezeigt: Mehrheiten lassen sich nicht verordnen. Wer st\u00e4ndig polarisiert, darf nicht erwarten, dass ihn alle tragen, wenn er es braucht.<\/p>\n\n\n\n<p class=\"wp-block-paragraph\">Quelle: <a href=\"https:\/\/taz.de\/Friedrich-Merz-Kanzlerwahl\/!6083359\/\" target=\"_blank\" rel=\"noreferrer noopener\">taz.de<\/a><\/p>\n<\/blockquote>\n\n\n<div class=\"wp-block-image\">\n<figure class=\"alignleft size-full is-resized\"><img loading=\"lazy\" decoding=\"async\" width=\"284\" height=\"400\" src=\"https:\/\/dikoweb.de\/wp-content\/uploads\/2025\/05\/2025-02-23_Bundestagswahl_\u2013_Wahlabend_CDU_by_Sandro_Halank\u2013014-scaled_exc.jpg\" alt=\"\" class=\"wp-image-5239\" style=\"width:237px;height:auto\" srcset=\"https:\/\/dikoweb.de\/wp-content\/uploads\/2025\/05\/2025-02-23_Bundestagswahl_\u2013_Wahlabend_CDU_by_Sandro_Halank\u2013014-scaled_exc.jpg 284w, https:\/\/dikoweb.de\/wp-content\/uploads\/2025\/05\/2025-02-23_Bundestagswahl_\u2013_Wahlabend_CDU_by_Sandro_Halank\u2013014-scaled_exc-213x300.jpg 213w\" sizes=\"auto, (max-width: 284px) 100vw, 284px\" \/><figcaption class=\"wp-element-caption\">Merz und sein rechter Einpeitscher (hier allerdings links&#8230;) &#8211; Foto: Sandro Halank, Wikimedia Commons, CC BY-SA 4.0,<\/figcaption><\/figure>\n<\/div>\n\n\n<p class=\"wp-block-paragraph\">Nun ist der <a href=\"https:\/\/correctiv.org\/aktuelles\/wirtschaft\/2025\/01\/28\/bester-mann-der-grosskonzerne-das-lobby-netzwerk-von-friedrich-merz\/\" target=\"_blank\" rel=\"noreferrer noopener\">Mann der Konzerne<\/a>, wenn auch unter starken Geburtswehen, zum Bundeskanzler gew\u00e4hlt worden. Dabei hatte es im ersten Wahlgang doch so &#8222;spannend&#8220; angefangen und das gro\u00dfe Zittern ausgel\u00f6st. Ein historischer Moment im Bundestag. Was w\u00e4re geworden, wenn er auch im zweiten Wahlgang \u00fcber Bord gegangen w\u00e4re?<\/p>\n\n\n\n<p class=\"wp-block-paragraph\">Doch nun hat er es geschafft, der &#8222;<em>sauerl\u00e4ndische Trumpist<\/em>&#8220; (Parteienforscher Karl-Rudolf Korte) mit Hang zur Selbst\u00fcbersch\u00e4tzung, ein Polit-Novize, <a href=\"https:\/\/www.vermoegenmagazin.de\/friedrich-merz-vermoegen\/\" target=\"_blank\" rel=\"noreferrer noopener\">Multimillion\u00e4r <\/a>und (Ex-)Lobbyist, ist Kanzler. Gl\u00fcckwunsch Bundesrepublik!<\/p>\n\n\n\n<p class=\"wp-block-paragraph\"><\/p>\n","protected":false},"excerpt":{"rendered":"<p>&#8222;Wir schaffen das!&#8220; hat Angela Merkel mal gesagt, damit aber etwas anderes gemeint. &#8222;Wir schaffen dich&#8220; hat sie vielleicht in Bezug auf Friedrich Merz gedacht, doch sie hat sich get\u00e4uscht. So wie er sein Wahlvolk get\u00e4uscht hat. So mogelte sich Merz durch den Wahlkampf und an die Macht. Dabei produzierte er reihenweise Entt\u00e4uschungen bei jenen [&hellip;]<\/p>\n","protected":false},"author":2,"featured_media":0,"comment_status":"closed","ping_status":"open","sticky":false,"template":"","format":"standard","meta":{"_crdt_document":"","footnotes":""},"categories":[1,5],"tags":[402,66,385],"class_list":["post-5233","post","type-post","status-publish","format-standard","hentry","category-uncategorized","category-politik","tag-bundeskanzler","tag-friedrich-merz","tag-lobbyist"],"_links":{"self":[{"href":"https:\/\/dikoweb.de\/index.php?rest_route=\/wp\/v2\/posts\/5233","targetHints":{"allow":["GET"]}}],"collection":[{"href":"https:\/\/dikoweb.de\/index.php?rest_route=\/wp\/v2\/posts"}],"about":[{"href":"https:\/\/dikoweb.de\/index.php?rest_route=\/wp\/v2\/types\/post"}],"author":[{"embeddable":true,"href":"https:\/\/dikoweb.de\/index.php?rest_route=\/wp\/v2\/users\/2"}],"replies":[{"embeddable":true,"href":"https:\/\/dikoweb.de\/index.php?rest_route=%2Fwp%2Fv2%2Fcomments&post=5233"}],"version-history":[{"count":10,"href":"https:\/\/dikoweb.de\/index.php?rest_route=\/wp\/v2\/posts\/5233\/revisions"}],"predecessor-version":[{"id":5246,"href":"https:\/\/dikoweb.de\/index.php?rest_route=\/wp\/v2\/posts\/5233\/revisions\/5246"}],"wp:attachment":[{"href":"https:\/\/dikoweb.de\/index.php?rest_route=%2Fwp%2Fv2%2Fmedia&parent=5233"}],"wp:term":[{"taxonomy":"category","embeddable":true,"href":"https:\/\/dikoweb.de\/index.php?rest_route=%2Fwp%2Fv2%2Fcategories&post=5233"},{"taxonomy":"post_tag","embeddable":true,"href":"https:\/\/dikoweb.de\/index.php?rest_route=%2Fwp%2Fv2%2Ftags&post=5233"}],"curies":[{"name":"wp","href":"https:\/\/api.w.org\/{rel}","templated":true}]}}