{"id":5311,"date":"2025-05-27T12:45:00","date_gmt":"2025-05-27T10:45:00","guid":{"rendered":"https:\/\/dikoweb.de\/?p=5311"},"modified":"2025-05-24T22:53:44","modified_gmt":"2025-05-24T20:53:44","slug":"toller-bluesrock-aus-der-schweiz","status":"publish","type":"post","link":"https:\/\/dikoweb.de\/?p=5311","title":{"rendered":"Toller Bluesrock aus der Schweiz"},"content":{"rendered":"\n<p class=\"wp-block-paragraph\">F\u00fcnf Alben haben sie seit 2019 ver\u00f6ffentlicht, ihr Bekanntheitsgrad h\u00e4lt sich jedoch (noch) in Grenzen. Leider muss ich sagen. Denn die Schweizer <a href=\"https:\/\/www.ellismanoband.com\/\" target=\"_blank\" rel=\"noreferrer noopener\">Ellis Mano Band<\/a> spielt auf ihren Alben eine tolle Mischung aus Rock, Blues und Soul.<\/p>\n\n\n\n<p class=\"wp-block-paragraph\">Die Ellis Mano Band wurde 2017 von Chris Ellis (Gesang) und Edis Mano (Gitarre) gegr\u00fcndet wurde; au\u00dferdem geh\u00f6ren aktuell Severin Graf (Bass), Nico Looser (Schlagzeug) und Lukas Bosshardt (Keyboard) dazu.<\/p>\n\n\n\n<figure class=\"wp-block-image size-full\"><img loading=\"lazy\" decoding=\"async\" width=\"600\" height=\"400\" src=\"https:\/\/dikoweb.de\/wp-content\/uploads\/2025\/05\/ellismanoband.webp\" alt=\"\" class=\"wp-image-5318\" srcset=\"https:\/\/dikoweb.de\/wp-content\/uploads\/2025\/05\/ellismanoband.webp 600w, https:\/\/dikoweb.de\/wp-content\/uploads\/2025\/05\/ellismanoband-300x200.webp 300w\" sizes=\"auto, (max-width: 600px) 100vw, 600px\" \/><\/figure>\n\n\n\n<p class=\"wp-block-paragraph\">Es ist eine sehr eingespielte und erfahrene Band, wie ihre fr\u00fcheren Arbeiten und  ihr neuestes Projekt &#8222;Morph&#8220; beweisen. Die ersten \u00f6ffentlichen Auftritte von &#8222;Morph&#8220; fanden 2024 im Vorprogramm der Deutschlandtournee von Deep Purple statt, was die Bedeutung der Band unterstreicht.<\/p>\n\n\n\n<figure class=\"wp-block-embed is-type-video is-provider-youtube wp-block-embed-youtube wp-embed-aspect-16-9 wp-has-aspect-ratio\"><div class=\"wp-block-embed__wrapper\">\n<iframe loading=\"lazy\" title=\"Ellis Mano Band - For All I Care (Official Music Video)\" width=\"629\" height=\"354\" src=\"https:\/\/www.youtube.com\/embed\/_JATCmlTYsE?feature=oembed\" frameborder=\"0\" allow=\"accelerometer; autoplay; clipboard-write; encrypted-media; gyroscope; picture-in-picture; web-share\" referrerpolicy=\"strict-origin-when-cross-origin\" allowfullscreen><\/iframe>\n<\/div><\/figure>\n\n\n\n<p class=\"wp-block-paragraph\">Ihre Alben sind gekennzeichnet durch wuchtige und rockige Songs, die von der kr\u00e4ftigen Stimme von Chris Ellis ebenso getragen werden wie die Balladen, seien sie leicht und flockig oder schwer und bluesgetr\u00e4nkt. Den Style der Ellis Mano Band bezeichnet Gitarrist Chris Mano als \u201e<em>Rock\u2019n\u2019Soul, tief verwurzelt im Blues<\/em>\u201d. Mano ist ein &#8222;<em>technisch tadellos, geschmackvoll und stilistisch \u00fcberaus einfallsreich spielender Musiker<\/em>&#8220; (so das Fachmagazin &#8222;Gitarre &amp; Bass&#8220;), der auch die Alben seiner Band produziert.<\/p>\n\n\n\n<p class=\"wp-block-paragraph\">Sie touren haupts\u00e4chlich durch die Schweiz und Deutschland. Wer die Gelegenheit bekommt sie zu sehen, sollte es unbedingt tun.<\/p>\n","protected":false},"excerpt":{"rendered":"<p>F\u00fcnf Alben haben sie seit 2019 ver\u00f6ffentlicht, ihr Bekanntheitsgrad h\u00e4lt sich jedoch (noch) in Grenzen. Leider muss ich sagen. Denn die Schweizer Ellis Mano Band spielt auf ihren Alben eine tolle Mischung aus Rock, Blues und Soul. Die Ellis Mano Band wurde 2017 von Chris Ellis (Gesang) und Edis Mano (Gitarre) gegr\u00fcndet wurde; au\u00dferdem geh\u00f6ren [&hellip;]<\/p>\n","protected":false},"author":2,"featured_media":0,"comment_status":"closed","ping_status":"open","sticky":false,"template":"","format":"standard","meta":{"_crdt_document":"","footnotes":""},"categories":[1,4],"tags":[43,417,416],"class_list":["post-5311","post","type-post","status-publish","format-standard","hentry","category-uncategorized","category-musik","tag-blues","tag-ellis-mano-band","tag-schweiz"],"_links":{"self":[{"href":"https:\/\/dikoweb.de\/index.php?rest_route=\/wp\/v2\/posts\/5311","targetHints":{"allow":["GET"]}}],"collection":[{"href":"https:\/\/dikoweb.de\/index.php?rest_route=\/wp\/v2\/posts"}],"about":[{"href":"https:\/\/dikoweb.de\/index.php?rest_route=\/wp\/v2\/types\/post"}],"author":[{"embeddable":true,"href":"https:\/\/dikoweb.de\/index.php?rest_route=\/wp\/v2\/users\/2"}],"replies":[{"embeddable":true,"href":"https:\/\/dikoweb.de\/index.php?rest_route=%2Fwp%2Fv2%2Fcomments&post=5311"}],"version-history":[{"count":20,"href":"https:\/\/dikoweb.de\/index.php?rest_route=\/wp\/v2\/posts\/5311\/revisions"}],"predecessor-version":[{"id":5333,"href":"https:\/\/dikoweb.de\/index.php?rest_route=\/wp\/v2\/posts\/5311\/revisions\/5333"}],"wp:attachment":[{"href":"https:\/\/dikoweb.de\/index.php?rest_route=%2Fwp%2Fv2%2Fmedia&parent=5311"}],"wp:term":[{"taxonomy":"category","embeddable":true,"href":"https:\/\/dikoweb.de\/index.php?rest_route=%2Fwp%2Fv2%2Fcategories&post=5311"},{"taxonomy":"post_tag","embeddable":true,"href":"https:\/\/dikoweb.de\/index.php?rest_route=%2Fwp%2Fv2%2Ftags&post=5311"}],"curies":[{"name":"wp","href":"https:\/\/api.w.org\/{rel}","templated":true}]}}