{"id":5525,"date":"2025-08-21T09:48:00","date_gmt":"2025-08-21T07:48:00","guid":{"rendered":"https:\/\/dikoweb.de\/?p=5525"},"modified":"2025-08-20T22:51:23","modified_gmt":"2025-08-20T20:51:23","slug":"nach-langer-pause-volker-pispers-hoert-auf","status":"publish","type":"post","link":"https:\/\/dikoweb.de\/?p=5525","title":{"rendered":"Nach langer Pause: Volker Pispers h\u00f6rt auf"},"content":{"rendered":"<div class=\"wp-block-image\">\n<figure class=\"aligncenter size-full\"><img loading=\"lazy\" decoding=\"async\" width=\"425\" height=\"425\" src=\"https:\/\/dikoweb.de\/wp-content\/uploads\/2025\/08\/Pispers.jpg\" alt=\"\" class=\"wp-image-5526\" srcset=\"https:\/\/dikoweb.de\/wp-content\/uploads\/2025\/08\/Pispers.jpg 425w, https:\/\/dikoweb.de\/wp-content\/uploads\/2025\/08\/Pispers-300x300.jpg 300w, https:\/\/dikoweb.de\/wp-content\/uploads\/2025\/08\/Pispers-150x150.jpg 150w, https:\/\/dikoweb.de\/wp-content\/uploads\/2025\/08\/Pispers-88x88.jpg 88w\" sizes=\"auto, (max-width: 425px) 100vw, 425px\" \/><figcaption class=\"wp-element-caption\">Quelle: <a href=\"https:\/\/conanima.de\/produkt-kategorie\/kunstler\/volkerpispers\/\" target=\"_blank\" rel=\"noreferrer noopener\">conanima<\/a><\/figcaption><\/figure>\n<\/div>\n\n\n<p class=\"wp-block-paragraph\">Er war f\u00fcr mich der genialste und bissigste Kabarettist, der kein Blatt vor den Mund nahm und die gesellschadftlichen Zust\u00e4nde anprangerte wie kein anderer. Auch mit Religion hatte er nichts am Hut. Die sei etwas f\u00fcr Leute, \u201e<em>die Trost brauchen und keinen Alkohol vertragen<\/em>\u201c. Und was solle man davon halten, wenn sich Leute, die an die Jungfrauengeburt glauben, \u00fcber diejenigen aufregen, die von 72 Jungfrauen im Paradies tr\u00e4umen. Es soll jeder glauben, was er will, so lange es anderen nicht schadet. Aber den Marx-Satz von der Religion als Opium f\u00fcr das Volk hielt er f\u00fcr einen ausgemachten Quatsch. Weil: \u201e<em>Opium ist Bewusstseins erweiternd\u2026<\/em>\u201c<\/p>\n\n\n\n<p class=\"wp-block-paragraph\">2019 gab er seine letzten Vorstellungen. Nach 5 Jahren Auftrittspause steht jetzt fest, dass er nicht auf die B\u00fchne zur\u00fcckkehren wird &#8211; so verk\u00fcndete es Pispers auf seiner Website:<\/p>\n\n\n\n<blockquote class=\"wp-block-quote is-layout-flow wp-block-quote-is-layout-flow\">\n<p class=\"wp-block-paragraph\">Viele werden das nicht verstehen und sehr entt\u00e4uscht sein. Das wei\u00df ich aus den vielen Mails, die mich in den letzten Jahren erreicht haben.<\/p>\n\n\n\n<p class=\"wp-block-paragraph\">Ich darf bei dieser Gelegenheit allen, die noch klar denken k\u00f6nnen und nicht irgendwelchen Verschw\u00f6rungstheorien anheim gefallen sind, versichern, dass es meine ureigene Entscheidung ist und ich nie von irgendjemand unter Druck gesetzt worden bin. Ich bin auch nicht krank, sondern genie\u00dfe es einfach, nicht mehr in der \u00d6ffentlichkeit zu stehen.<\/p>\n\n\n\n<p class=\"wp-block-paragraph\">Aus gegebenem Anlass m\u00f6chte ich mich an dieser Stelle von allen Coronaleugnern, selbsternannten Querdenkern, AfD-Fans und rechten Extremisten distanzieren.<\/p>\n\n\n\n<p class=\"wp-block-paragraph\">Diese Leute mi\u00dfbrauchen aus dem Zusammenhang gerissene Zitate und alte Texte, um mich in den asozialen Hetzwerken als vermeintlichen Kronzeugen f\u00fcr Ihre kruden bis kranken Ansichten zu pr\u00e4sentieren.<\/p>\n\n\n\n<p class=\"wp-block-paragraph\">Ich wei\u00df leider nicht, wie ich mich dagegen wehren kann, ohne einen Gro\u00dfteil meiner Lebenszeit damit zu vergeuden, gegen diese Machenschaften vorzugehen.<\/p>\n\n\n\n<p class=\"wp-block-paragraph\">In aller Klarheit: Ich bin nicht der Meinung, dass die Corona-Pandemie eine Erfindung ist. Es ist auch absoluter Quatsch, dass unsere Politiker die Pandemie nutzen, um eine Diktatur zu errichten.<\/p>\n\n\n\n<p class=\"wp-block-paragraph\">\u00dcber den richtigen Weg in der Pandemie und \u00fcber die einzelnen Ma\u00dfnahmen l\u00e4\u00dft sich selbstverst\u00e4ndlich trefflich streiten, aber den Regierenden pauschal zu unterstellen, Ihnen gehe es nur um Repression, ist gelinde gesagt eine Unversch\u00e4mtheit.<\/p>\n\n\n\n<p class=\"wp-block-paragraph\">Das alles \u00e4ndert \u00fcberhaupt nichts an der Tatsache, dass ich die von uns gew\u00e4hlten Regierenden f\u00fcr unf\u00e4hig halte. Gleiches gilt allerdings auch f\u00fcr einen zunehmend gr\u00f6\u00dferen Teil der W\u00e4hlenden.<\/p>\n\n\n\n<p class=\"wp-block-paragraph\">Ich bedanke mich noch einmal bei allen Veranstaltern und Besuchern f\u00fcr die tolle Zeit.<\/p>\n\n\n\n<p class=\"wp-block-paragraph\">Quelle: <a href=\"https:\/\/pispers.com\/\" target=\"_blank\" rel=\"noreferrer noopener\">pispers.com<\/a><\/p>\n<\/blockquote>\n\n\n\n<p class=\"wp-block-paragraph\">13 Jahre lang hat Pispers unter dem Titel \u201e\u2026 bis neulich\u201c ein st\u00e4ndig weiterentwickeltes und sich ver\u00e4nderndes Programm gespielt. Die letzte Version wurde am 8.12.2015 noch mal aufgezeichnet und ist als <a href=\"https:\/\/conanima.de\/shop\/kunstler\/volkerpispers\/2-cd-set-volker-pispers-bis-neulich-der-letzte-abend\/\" target=\"_blank\" rel=\"noreferrer noopener\">Doppel-CD erschienen<\/a>. <\/p>\n\n\n\n<figure class=\"wp-block-image size-full\"><img loading=\"lazy\" decoding=\"async\" width=\"600\" height=\"537\" src=\"https:\/\/dikoweb.de\/wp-content\/uploads\/2025\/08\/pispers-bis-neulich.jpg\" alt=\"\" class=\"wp-image-5538\" srcset=\"https:\/\/dikoweb.de\/wp-content\/uploads\/2025\/08\/pispers-bis-neulich.jpg 600w, https:\/\/dikoweb.de\/wp-content\/uploads\/2025\/08\/pispers-bis-neulich-300x269.jpg 300w\" sizes=\"auto, (max-width: 600px) 100vw, 600px\" \/><\/figure>\n\n\n\n<p class=\"wp-block-paragraph\">Im Begleittext schreibt Volker Pispers unter anderem:<\/p>\n\n\n\n<blockquote class=\"wp-block-quote is-layout-flow wp-block-quote-is-layout-flow\">\n<p class=\"wp-block-paragraph\">Eine Passage im Programm lautet schon lange: \u201eFestung Europa hei\u00dft: Wir bauen eine neue Mauer. Wenn wir die Mauer gebaut haben, werden wir sie verteidigen m\u00fcssen. Dann schie\u00dfen wir eines Tages auf diejenigen, die rein wollen, nicht mehr auf die, die raus wollen. Hoffentlich k\u00f6nnen wir die alten Mauersch\u00fctzen schnell genug umschulen. Dann wird sich herausstellen, dass Honnecker moralisch gesehen nur von der falschen Seite geschossen hat.\u201c<\/p>\n\n\n\n<p class=\"wp-block-paragraph\">Inzwischen haben die Geistesgr\u00f6\u00dfen in der AFD und bei Pegida die Diskussion \u00fcber den Schie\u00dfbefehl aufgenommen. Sch\u00f6n zu sehen, dass ausgerechnet diejenigen mehr Mut zum Handeln fordern, die zu feige sind, sich offen zur NPD zu bekennen. Vermutlich wollen jene, die fortw\u00e4hrend beschw\u00f6ren: \u201eIch bin kein Nazi, aber \u2026\u201c eigentlich sagen: \u201eaber ich w\u00e4re ein ganz guter.\u201c W\u00e4hrend die Braunhirne vor \u00fcbertriebener Willkommenskultur der Gutmenschen warnen, geh\u00f6ren gewaltt\u00e4tige Angriffe auf Fl\u00fcchtlinge und ihre Unterk\u00fcnfte l\u00e4ngst zum deutschen Alltag. Man gew\u00f6hnt sich halt an alles.<\/p>\n\n\n\n<p class=\"wp-block-paragraph\">\u00dcbrigens: Wer ernsthaft glaubt, mit Zitaten aus meinen Texten lie\u00dfen sich die zum Teil menschenverachtenden Ansichten von AFD, Pegida oder NPD untermauern, dem ist nun wirklich nicht mehr zu helfen. Und dass wir Deutschen kein Monopol auf engstirnigen Nationalismus besitzen, beweisen derzeit unsere europ\u00e4ischen Nachbarn.<\/p>\n\n\n\n<p class=\"wp-block-paragraph\">Bis neulich,<br>Volker Pispers<\/p>\n<\/blockquote>\n","protected":false},"excerpt":{"rendered":"<p>Er war f\u00fcr mich der genialste und bissigste Kabarettist, der kein Blatt vor den Mund nahm und die gesellschadftlichen Zust\u00e4nde anprangerte wie kein anderer. Auch mit Religion hatte er nichts am Hut. Die sei etwas f\u00fcr Leute, \u201edie Trost brauchen und keinen Alkohol vertragen\u201c. Und was solle man davon halten, wenn sich Leute, die an [&hellip;]<\/p>\n","protected":false},"author":2,"featured_media":0,"comment_status":"closed","ping_status":"open","sticky":false,"template":"","format":"standard","meta":{"_crdt_document":"","footnotes":""},"categories":[1,442],"tags":[444,443],"class_list":["post-5525","post","type-post","status-publish","format-standard","hentry","category-uncategorized","category-kabarett","tag-kabarett","tag-volker-pispers"],"_links":{"self":[{"href":"https:\/\/dikoweb.de\/index.php?rest_route=\/wp\/v2\/posts\/5525","targetHints":{"allow":["GET"]}}],"collection":[{"href":"https:\/\/dikoweb.de\/index.php?rest_route=\/wp\/v2\/posts"}],"about":[{"href":"https:\/\/dikoweb.de\/index.php?rest_route=\/wp\/v2\/types\/post"}],"author":[{"embeddable":true,"href":"https:\/\/dikoweb.de\/index.php?rest_route=\/wp\/v2\/users\/2"}],"replies":[{"embeddable":true,"href":"https:\/\/dikoweb.de\/index.php?rest_route=%2Fwp%2Fv2%2Fcomments&post=5525"}],"version-history":[{"count":12,"href":"https:\/\/dikoweb.de\/index.php?rest_route=\/wp\/v2\/posts\/5525\/revisions"}],"predecessor-version":[{"id":5539,"href":"https:\/\/dikoweb.de\/index.php?rest_route=\/wp\/v2\/posts\/5525\/revisions\/5539"}],"wp:attachment":[{"href":"https:\/\/dikoweb.de\/index.php?rest_route=%2Fwp%2Fv2%2Fmedia&parent=5525"}],"wp:term":[{"taxonomy":"category","embeddable":true,"href":"https:\/\/dikoweb.de\/index.php?rest_route=%2Fwp%2Fv2%2Fcategories&post=5525"},{"taxonomy":"post_tag","embeddable":true,"href":"https:\/\/dikoweb.de\/index.php?rest_route=%2Fwp%2Fv2%2Ftags&post=5525"}],"curies":[{"name":"wp","href":"https:\/\/api.w.org\/{rel}","templated":true}]}}