{"id":5676,"date":"2025-10-17T15:56:32","date_gmt":"2025-10-17T13:56:32","guid":{"rendered":"https:\/\/dikoweb.de\/?p=5676"},"modified":"2026-02-17T13:34:19","modified_gmt":"2026-02-17T12:34:19","slug":"das-rechte-stadtbild-von-soeder-und-merz","status":"publish","type":"post","link":"https:\/\/dikoweb.de\/?p=5676","title":{"rendered":"Das rechte &#8222;Stadtbild&#8220; von S\u00f6der und Merz"},"content":{"rendered":"\n<p class=\"wp-block-paragraph\">Das Buhlen der CDUCSU um rechte W\u00e4hler*innen geht weiter. Dazu passen die Aussagen von Fritze Merz und CSU-D\u00f6ner-S\u00f6der \u00fcber ein &#8222;Stadtbild&#8220;. Damit sind nicht Graffitis, Hundescheisse oder ausgespuckte Kaugummis gemeint, sondern Menschen. Und zwar solche, die in ihren (rechten) Augen nicht dort hingeh\u00f6ren: Migrant*innen. <\/p>\n\n\n\n<blockquote class=\"wp-block-quote is-layout-flow wp-block-quote-is-layout-flow\">\n<p class=\"wp-block-paragraph\">&#8222;Das Stadtbild muss sich wieder ver\u00e4ndern. Es braucht einfach mehr R\u00fcckf\u00fchrungen.&#8220; Willkommen sei in Deutschland, wer Arbeit habe. Wer aber keine Duldung, keine Besch\u00e4ftigung habe oder gar Straftaten begehe, m\u00fcsse zur\u00fcck in die Heimat. Der &#8222;Frankfurter Allgemeinen&#8220; sagte S\u00f6der: &#8222;Die Situation an den Grenzen hat sich ver\u00e4ndert, aber noch nicht das Bild in vielen St\u00e4dten.&#8220;<br>Quelle: <a href=\"https:\/\/www.br.de\/nachrichten\/bayern\/muss-sich-das-stadtbild-aendern-csu-debatte-ueber-migration,UyB46Gx\" target=\"_blank\" rel=\"noreferrer noopener\">BR<\/a><\/p>\n<\/blockquote>\n\n\n\n<p class=\"wp-block-paragraph\"><\/p>\n\n\n\n<p class=\"wp-block-paragraph\">Bei einem Termin in Posdam sagte Merz: &#8222;<em>Aber wir haben nat\u00fcrlich immer im Stadtbild noch dieses Problem, und deswegen ist der Bundesinnenminister ja auch dabei, jetzt in sehr gro\u00dfem Umfang auch R\u00fcckf\u00fchrungen zu erm\u00f6glichen und durchzuf\u00fchren.<\/em>&#8220; [<a href=\"https:\/\/www.stern.de\/gesellschaft\/regional\/berlin-brandenburg\/migration--krach--fassungslos--ueber--stadtbild--spruch-von-kanzler-merz-36136762.html\" target=\"_blank\" rel=\"noreferrer noopener\">STERN<\/a>]<\/p>\n\n\n\n<p class=\"wp-block-paragraph\">Brandenburgs Gr\u00fcnen-Vorsitzender Clemens Rostock warf Merz Rassismus vor. &#8222;<em>Problematisch ist nicht nur, dass Friedrich Merz <a href=\"https:\/\/www.stern.de\/politik\/deutschland\/themen\/migration-4140932.html\">Migration<\/a> zum Problem erkl\u00e4rt \u2013 sondern vor allem, dass er offenbar Menschen allein nach ihrem Aussehen als nicht dazugeh\u00f6rig markiert.<\/em>&#8220; Und weiter: &#8222;<em>Das ist rassistisch, und das ist ein echtes Problem f\u00fcr unser Land. Wer Integration will, darf Menschen nicht wegen ihrer Hautfarbe, Herkunft oder Religion zum S\u00fcndenbock machen.<\/em>&#8220; [<a href=\"https:\/\/www.stern.de\/gesellschaft\/regional\/berlin-brandenburg\/migration--krach--fassungslos--ueber--stadtbild--spruch-von-kanzler-merz-36136762.html\" target=\"_blank\" rel=\"noreferrer noopener\">STERN<\/a>]<\/p>\n\n\n\n<p class=\"wp-block-paragraph\">S\u00f6der und Merz machen sich bei der Verwendung des Begriffs &#8222;<em>einen Kampfbegriff der AfD zu eigen, mit dem diese Erfolg hatte. In Gelsenkirchen warb die Alternative f\u00fcr Deutschland beim Kommunalwahlkampf \u201ef\u00fcr eine saubere Heimat mit einem gepflegten Stadtbild\u201c<\/em>. [<a href=\"https:\/\/taz.de\/Merz-Aeusserung-zum-Stadtbild\/!6116817\/\" target=\"_blank\" rel=\"noreferrer noopener\">TAZ<\/a>]<\/p>\n\n\n\n<p class=\"wp-block-paragraph\">Alle Migrant*innen in eine Schublade werfen, mit Kriminalt\u00e4t verkn\u00fcpfen, damit &#8222;R\u00fcckf\u00fchrungen&#8220; (was ein Unwort!) legitimieren und flugs schwappt die braune AfD-So\u00dfe ins S\u00f6der&#8217;sche D\u00f6ner \u00fcber. Ich k\u00f6nnte kotzen!<\/p>\n\n\n<div class=\"wp-block-image\">\n<figure class=\"aligncenter size-full\"><img loading=\"lazy\" decoding=\"async\" width=\"474\" height=\"266\" src=\"https:\/\/dikoweb.de\/wp-content\/uploads\/2025\/10\/heute-show-laberkaese.jpg\" alt=\"\" class=\"wp-image-5684\" srcset=\"https:\/\/dikoweb.de\/wp-content\/uploads\/2025\/10\/heute-show-laberkaese.jpg 474w, https:\/\/dikoweb.de\/wp-content\/uploads\/2025\/10\/heute-show-laberkaese-300x168.jpg 300w\" sizes=\"auto, (max-width: 474px) 100vw, 474px\" \/><\/figure>\n<\/div>","protected":false},"excerpt":{"rendered":"<p>Das Buhlen der CDUCSU um rechte W\u00e4hler*innen geht weiter. Dazu passen die Aussagen von Fritze Merz und CSU-D\u00f6ner-S\u00f6der \u00fcber ein &#8222;Stadtbild&#8220;. Damit sind nicht Graffitis, Hundescheisse oder ausgespuckte Kaugummis gemeint, sondern Menschen. Und zwar solche, die in ihren (rechten) Augen nicht dort hingeh\u00f6ren: Migrant*innen. &#8222;Das Stadtbild muss sich wieder ver\u00e4ndern. Es braucht einfach mehr R\u00fcckf\u00fchrungen.&#8220; [&hellip;]<\/p>\n","protected":false},"author":2,"featured_media":0,"comment_status":"closed","ping_status":"open","sticky":false,"template":"","format":"standard","meta":{"_crdt_document":"","footnotes":""},"categories":[1,5],"tags":[67,461,66,365],"class_list":["post-5676","post","type-post","status-publish","format-standard","hentry","category-uncategorized","category-politik","tag-afd","tag-cdu-csu","tag-friedrich-merz","tag-soeder"],"_links":{"self":[{"href":"https:\/\/dikoweb.de\/index.php?rest_route=\/wp\/v2\/posts\/5676","targetHints":{"allow":["GET"]}}],"collection":[{"href":"https:\/\/dikoweb.de\/index.php?rest_route=\/wp\/v2\/posts"}],"about":[{"href":"https:\/\/dikoweb.de\/index.php?rest_route=\/wp\/v2\/types\/post"}],"author":[{"embeddable":true,"href":"https:\/\/dikoweb.de\/index.php?rest_route=\/wp\/v2\/users\/2"}],"replies":[{"embeddable":true,"href":"https:\/\/dikoweb.de\/index.php?rest_route=%2Fwp%2Fv2%2Fcomments&post=5676"}],"version-history":[{"count":10,"href":"https:\/\/dikoweb.de\/index.php?rest_route=\/wp\/v2\/posts\/5676\/revisions"}],"predecessor-version":[{"id":5687,"href":"https:\/\/dikoweb.de\/index.php?rest_route=\/wp\/v2\/posts\/5676\/revisions\/5687"}],"wp:attachment":[{"href":"https:\/\/dikoweb.de\/index.php?rest_route=%2Fwp%2Fv2%2Fmedia&parent=5676"}],"wp:term":[{"taxonomy":"category","embeddable":true,"href":"https:\/\/dikoweb.de\/index.php?rest_route=%2Fwp%2Fv2%2Fcategories&post=5676"},{"taxonomy":"post_tag","embeddable":true,"href":"https:\/\/dikoweb.de\/index.php?rest_route=%2Fwp%2Fv2%2Ftags&post=5676"}],"curies":[{"name":"wp","href":"https:\/\/api.w.org\/{rel}","templated":true}]}}