{"id":5689,"date":"2025-11-04T18:18:16","date_gmt":"2025-11-04T17:18:16","guid":{"rendered":"https:\/\/dikoweb.de\/?p=5689"},"modified":"2025-11-11T10:18:50","modified_gmt":"2025-11-11T09:18:50","slug":"ziel-verfehlt-gregor-gysi-in-braunschweig","status":"publish","type":"post","link":"https:\/\/dikoweb.de\/?p=5689","title":{"rendered":"Thema verfehlt &#8211; Gregor Gysi in Braunschweig"},"content":{"rendered":"\n<p class=\"wp-block-paragraph\">Ein Abend mit Gregor Gysi, das wird bestimmt spannend. Vor allem, wenn er mit einem &#8222;<em>Blick hinter die Kulissen des Politikbetriebs<\/em>&#8220; angek\u00fcndigt ist.<\/p>\n\n\n\n<figure class=\"wp-block-image size-full\"><img loading=\"lazy\" decoding=\"async\" width=\"450\" height=\"484\" src=\"https:\/\/dikoweb.de\/wp-content\/uploads\/2025\/11\/gysi-brunsviga.jpg\" alt=\"\" class=\"wp-image-5690\" srcset=\"https:\/\/dikoweb.de\/wp-content\/uploads\/2025\/11\/gysi-brunsviga.jpg 450w, https:\/\/dikoweb.de\/wp-content\/uploads\/2025\/11\/gysi-brunsviga-279x300.jpg 279w\" sizes=\"auto, (max-width: 450px) 100vw, 450px\" \/><\/figure>\n\n\n\n<p class=\"wp-block-paragraph\">Der Saal im <a href=\"https:\/\/www.brunsviga-kulturzentrum.de\/\" target=\"_blank\" rel=\"noreferrer noopener\">Kulturzentrum Brunsviga<\/a> in Braunschweig war daher auch bis auf den letzten Platz gef\u00fcllt. Die Erwartung bei mir war entsprechend gro\u00df. Schlie\u00dflich wirbt der ECON Verlag damit, dass Gysi erl\u00e4utert &#8222;<em>wie Kommunikation in der Politik funktioniert, welche Fallstricke es gibt, warum im Bundestag oft nicht einmal die Abgeordneten zuh\u00f6ren, wie unangenehme Botschaften sprachlich verschleiert werden und wie man sich in Talkshows um Kopf und Kragen reden kann.<\/em>\u201c<\/p>\n\n\n\n<figure class=\"wp-block-image size-full\"><img loading=\"lazy\" decoding=\"async\" width=\"620\" height=\"414\" src=\"https:\/\/dikoweb.de\/wp-content\/uploads\/2025\/11\/Gysi-schuett-02112025.jpg\" alt=\"\" class=\"wp-image-5694\" srcset=\"https:\/\/dikoweb.de\/wp-content\/uploads\/2025\/11\/Gysi-schuett-02112025.jpg 620w, https:\/\/dikoweb.de\/wp-content\/uploads\/2025\/11\/Gysi-schuett-02112025-300x200.jpg 300w\" sizes=\"auto, (max-width: 620px) 100vw, 620px\" \/><\/figure>\n\n\n\n<p class=\"wp-block-paragraph\">Gysi und Moderator (eher Stichwortgeber) Hans-Dieter Sch\u00fctt liefern eine lockere Plauderrunde ab, die keinem roten Faden folgt und das ausgegebene Thema leider v\u00f6llig verfehlt. Stattdessen wird Gysi zu seinen Eltern und Vorfahren befragt, wird auf hinl\u00e4nglich Bekanntes aus seiner Autobiographie Bezug genommen und all das, was h\u00e4tte spannend werden k\u00f6nnen, blieb leider auf der Strecke.<\/p>\n\n\n\n<p class=\"wp-block-paragraph\">Gysi ist zwar ein sehr angenehmer und rhetorisch hervorragender Redner, dem ich gerne zuh\u00f6re, aber wo blieb die Analyse des Poltikbetriebs? Die hat Gregor Gysi nicht geliefert. Stattdessen wurden Anekdoten und Erinnerungen aus seinem fr\u00fcheren Politikerleben erz\u00e4hlt. Das ist oft witzig und erheiternd &#8211; aber daf\u00fcr war ich nicht gekommen. <\/p>\n\n\n\n<p class=\"wp-block-paragraph\">W\u00e4re die Veranstaltung ein Aufsatz, dann w\u00fcrde ich Gregor Gysi so bewerten: &#8222;Thema verfehlt &#8211; Note 6&#8220;. <\/p>\n\n\n<div class=\"wp-block-image\">\n<figure class=\"alignleft size-full is-resized\"><img loading=\"lazy\" decoding=\"async\" width=\"300\" height=\"477\" src=\"https:\/\/dikoweb.de\/wp-content\/uploads\/2025\/11\/gg-was-politiker-nicht-sagen-1-1.jpg\" alt=\"\" class=\"wp-image-5702\" style=\"width:163px;height:auto\" srcset=\"https:\/\/dikoweb.de\/wp-content\/uploads\/2025\/11\/gg-was-politiker-nicht-sagen-1-1.jpg 300w, https:\/\/dikoweb.de\/wp-content\/uploads\/2025\/11\/gg-was-politiker-nicht-sagen-1-1-189x300.jpg 189w\" sizes=\"auto, (max-width: 300px) 100vw, 300px\" \/><\/figure>\n<\/div>\n\n\n<p class=\"wp-block-paragraph\"><\/p>\n\n\n\n<p class=\"wp-block-paragraph\">Gregor Gysi<br>Was Politiker nicht sagen<br>ECON Verlag 2022<br>ISBN 978-3-430-21043-0<br>272 Seiten<\/p>\n","protected":false},"excerpt":{"rendered":"<p>Ein Abend mit Gregor Gysi, das wird bestimmt spannend. Vor allem, wenn er mit einem &#8222;Blick hinter die Kulissen des Politikbetriebs&#8220; angek\u00fcndigt ist. Der Saal im Kulturzentrum Brunsviga in Braunschweig war daher auch bis auf den letzten Platz gef\u00fcllt. Die Erwartung bei mir war entsprechend gro\u00df. Schlie\u00dflich wirbt der ECON Verlag damit, dass Gysi erl\u00e4utert [&hellip;]<\/p>\n","protected":false},"author":2,"featured_media":0,"comment_status":"closed","ping_status":"open","sticky":false,"template":"","format":"standard","meta":{"_crdt_document":"","footnotes":""},"categories":[1,6,5],"tags":[462],"class_list":["post-5689","post","type-post","status-publish","format-standard","hentry","category-uncategorized","category-literatur","category-politik","tag-gregor-gysi"],"_links":{"self":[{"href":"https:\/\/dikoweb.de\/index.php?rest_route=\/wp\/v2\/posts\/5689","targetHints":{"allow":["GET"]}}],"collection":[{"href":"https:\/\/dikoweb.de\/index.php?rest_route=\/wp\/v2\/posts"}],"about":[{"href":"https:\/\/dikoweb.de\/index.php?rest_route=\/wp\/v2\/types\/post"}],"author":[{"embeddable":true,"href":"https:\/\/dikoweb.de\/index.php?rest_route=\/wp\/v2\/users\/2"}],"replies":[{"embeddable":true,"href":"https:\/\/dikoweb.de\/index.php?rest_route=%2Fwp%2Fv2%2Fcomments&post=5689"}],"version-history":[{"count":13,"href":"https:\/\/dikoweb.de\/index.php?rest_route=\/wp\/v2\/posts\/5689\/revisions"}],"predecessor-version":[{"id":5712,"href":"https:\/\/dikoweb.de\/index.php?rest_route=\/wp\/v2\/posts\/5689\/revisions\/5712"}],"wp:attachment":[{"href":"https:\/\/dikoweb.de\/index.php?rest_route=%2Fwp%2Fv2%2Fmedia&parent=5689"}],"wp:term":[{"taxonomy":"category","embeddable":true,"href":"https:\/\/dikoweb.de\/index.php?rest_route=%2Fwp%2Fv2%2Fcategories&post=5689"},{"taxonomy":"post_tag","embeddable":true,"href":"https:\/\/dikoweb.de\/index.php?rest_route=%2Fwp%2Fv2%2Ftags&post=5689"}],"curies":[{"name":"wp","href":"https:\/\/api.w.org\/{rel}","templated":true}]}}