{"id":5945,"date":"2026-01-04T22:58:25","date_gmt":"2026-01-04T21:58:25","guid":{"rendered":"https:\/\/dikoweb.de\/?p=5945"},"modified":"2026-01-05T00:01:53","modified_gmt":"2026-01-04T23:01:53","slug":"was-kommt-noch-vom-orange-man","status":"publish","type":"post","link":"https:\/\/dikoweb.de\/?p=5945","title":{"rendered":"Was kommt noch vom Orange Man?"},"content":{"rendered":"\n<p class=\"wp-block-paragraph\"><em>Was muss eigentlich noch passieren, bis sich die demoratische Welt dem faschistoiden Golfspieler entgegenstellt?<\/em><\/p>\n\n\n\n<p class=\"wp-block-paragraph\">Putins \u00dcberfall auf die Ukraine wird aufs Sch\u00e4rfste verurteilt und es werden wirtschaftliche Sanktionen beschlossen (wenn auch halbherzig). Und jetzt? Ein klarer Bruch des V\u00f6lkerrechts, so ordnen Rechtseperten die amerikanische Invasion in Venezuela ein. Nach der UN-Charta ist sowohl die Androhung als auch die Anwendung milit\u00e4rischer Gewalt verboten.<\/p>\n\n\n\n<figure class=\"wp-block-image size-full\"><a href=\"https:\/\/www.inquirer.com\/opinion\/commentary\/venezuela-news-nicolas-maduro-juan-guaido-aid-humanitarian-crisis-political-cartoons-20190226.html\" target=\"_blank\" rel=\" noreferrer noopener\"><img loading=\"lazy\" decoding=\"async\" width=\"800\" height=\"571\" src=\"https:\/\/dikoweb.de\/wp-content\/uploads\/2026\/01\/grafik-2.png\" alt=\"\" class=\"wp-image-5948\" srcset=\"https:\/\/dikoweb.de\/wp-content\/uploads\/2026\/01\/grafik-2.png 800w, https:\/\/dikoweb.de\/wp-content\/uploads\/2026\/01\/grafik-2-300x214.png 300w, https:\/\/dikoweb.de\/wp-content\/uploads\/2026\/01\/grafik-2-768x548.png 768w\" sizes=\"auto, (max-width: 800px) 100vw, 800px\" \/><\/a><figcaption class=\"wp-element-caption\">Stephane Peray, Thailand [Quelle: Klick aufs Bild]<\/figcaption><\/figure>\n\n\n\n<p class=\"wp-block-paragraph\">Da die USA nicht angegriffen wurden und der UN-Sicherheitsrat die Ma\u00dfnahmen nicht erlaubt hat, tr\u00e4fe keine der beiden anerkannten Ausnahmen von diesem Verbot zu, sagt Thilo Marauhn, Leiter der Forschungsgruppe V\u00f6lkerrecht am Leibniz-Institut f\u00fcr Friedens- und Konfliktforschung an der Justus-Liebig-Universit\u00e4t Gie\u00dfen. <\/p>\n\n\n\n<p class=\"wp-block-paragraph\">Genauso ordnet dies Professor Marc Weller, Programmdirektor des Programms f\u00fcr V\u00f6lkerrecht am Londoner Think Tank Chatham House gegen\u00fcber dem Sender <a href=\"https:\/\/www.nbcnews.com\/world\/latin-america\/live-blog\/venezuela-explosions-trump-maduro-live-updates-rcna251053#rcrd95071\" target=\"_blank\" rel=\"noreferrer noopener\">CBS<\/a>. ein: &#8222;<em>Das V\u00f6lkerrecht verbietet die Anwendung von Gewalt als Mittel der nationalen Politik<\/em>.&#8220;<\/p>\n\n\n\n<p class=\"wp-block-paragraph\">Statt sich eindeutig gegen\u00fcber dem &#8222;<a href=\"https:\/\/moleskinblues.net\/2025\/03\/04\/georg-seesslen-ueber-trump-und-konsorten\/\" target=\"_blank\" rel=\"noreferrer noopener\">Horrorclown<\/a>&#8220; zu positionieren, f\u00e4llt unserem Bundesfritze nur ein, &#8222;<em>die rechtliche Einordnung des US-Einsatzes ist komplex<\/em>&#8222;. Damit bringt er sich wieder in Position f\u00fcr den Enddarm des amerikanischen Gestzesbrechers. Zwar sieht man in Berlin, wie auch in Br\u00fcssel, die Ergreifung des venezolanischen Machthabers Maduro als Gefahr f\u00fcr die Weltordnung an, aber den durchgeknallten US-Autokraten will man nicht verprellen.<\/p>\n\n\n\n<p class=\"wp-block-paragraph\">Aber was erwarten sie von einem Pr\u00e4sidenten, der eine noch nie dagewesene<br>Machtf\u00fclle besitzt, dessen Ziel es ist &#8222;e<em>ine Armee von gepr\u00fcften,<br>trainierten und vorbereiteten Konservativen zu erschaffen, die<br>sich von Tag eins an daranmacht, den administrativen Staat zu<br>zerlegen<\/em>&#8220; [<a href=\"https:\/\/www.bpb.de\/system\/files\/dokument_pdf\/11244_Seesslen_Leseprobe.pdf\" target=\"_blank\" rel=\"noreferrer noopener\">Quelle<\/a>, Seite 9], der ein <a href=\"https:\/\/www.tagesschau.de\/ausland\/amerika\/trump-usa-kriegsministerium-100.html\" target=\"_blank\" rel=\"noreferrer noopener\">Kriegsministerium<\/a> zum Machtmissbrauch unterh\u00e4lt, der die Oppoition im Land als \u00bblinksradikale Irre\u00ab bezeichnet, gegen die er die Nationalgarde einsetzen oder n\u00f6tigenfalls das Heer einsetzen werde. Und der von seinem Vize J. D. Vance, der vom Handelsblatt als &#8222;<a href=\"https:\/\/www.handelsblatt.com\/politik\/international\/jd-vance-der-mann-der-gute-chancen-auf-die-nachfolge-trumps-hat\/100182777.html\" target=\"_blank\" rel=\"noreferrer noopener\">Gefahr f\u00fcr Europa<\/a>&#8220; bezeichnet wird, noch Unterst\u00fctzung bekommt: Man m\u00fcsse hart zuschlagen und d\u00fcrfe keine R\u00fccksicht nehmen. Anscheinend auch nicht auf Gesetze und die Souveranit\u00e4t von Staaten.<\/p>\n\n\n\n<p class=\"wp-block-paragraph\">Was muss denn noch passieren, bis die Europ\u00e4er endlich R\u00fcckgrat zeigen und sich Trump entschlossen entgegenstellen? <\/p>\n\n\n\n<blockquote class=\"wp-block-quote is-layout-flow wp-block-quote-is-layout-flow\">\n<p class=\"wp-block-paragraph\">Wenn Bundeskanzler Friedrich Merz die US-Intervention in Venezuela nicht als v\u00f6lkerrechtswidrig verurteilt, verliert er die Glaubw\u00fcrdigkeit, Russland und China zu kritisieren. <a href=\"https:\/\/taz.de\/US-Angriff-auf-Venezuela\/!6142689\/\" target=\"_blank\" rel=\"noreferrer noopener\">[TAZ]<\/a><\/p>\n<\/blockquote>\n\n\n\n<p class=\"wp-block-paragraph\"><\/p>\n","protected":false},"excerpt":{"rendered":"<p>Was muss eigentlich noch passieren, bis sich die demoratische Welt dem faschistoiden Golfspieler entgegenstellt? Putins \u00dcberfall auf die Ukraine wird aufs Sch\u00e4rfste verurteilt und es werden wirtschaftliche Sanktionen beschlossen (wenn auch halbherzig). Und jetzt? Ein klarer Bruch des V\u00f6lkerrechts, so ordnen Rechtseperten die amerikanische Invasion in Venezuela ein. Nach der UN-Charta ist sowohl die Androhung [&hellip;]<\/p>\n","protected":false},"author":2,"featured_media":0,"comment_status":"closed","ping_status":"open","sticky":false,"template":"","format":"standard","meta":{"_crdt_document":"","footnotes":""},"categories":[1,5],"tags":[7,493],"class_list":["post-5945","post","type-post","status-publish","format-standard","hentry","category-uncategorized","category-politik","tag-trump","tag-voelkerrecht"],"_links":{"self":[{"href":"https:\/\/dikoweb.de\/index.php?rest_route=\/wp\/v2\/posts\/5945","targetHints":{"allow":["GET"]}}],"collection":[{"href":"https:\/\/dikoweb.de\/index.php?rest_route=\/wp\/v2\/posts"}],"about":[{"href":"https:\/\/dikoweb.de\/index.php?rest_route=\/wp\/v2\/types\/post"}],"author":[{"embeddable":true,"href":"https:\/\/dikoweb.de\/index.php?rest_route=\/wp\/v2\/users\/2"}],"replies":[{"embeddable":true,"href":"https:\/\/dikoweb.de\/index.php?rest_route=%2Fwp%2Fv2%2Fcomments&post=5945"}],"version-history":[{"count":21,"href":"https:\/\/dikoweb.de\/index.php?rest_route=\/wp\/v2\/posts\/5945\/revisions"}],"predecessor-version":[{"id":5976,"href":"https:\/\/dikoweb.de\/index.php?rest_route=\/wp\/v2\/posts\/5945\/revisions\/5976"}],"wp:attachment":[{"href":"https:\/\/dikoweb.de\/index.php?rest_route=%2Fwp%2Fv2%2Fmedia&parent=5945"}],"wp:term":[{"taxonomy":"category","embeddable":true,"href":"https:\/\/dikoweb.de\/index.php?rest_route=%2Fwp%2Fv2%2Fcategories&post=5945"},{"taxonomy":"post_tag","embeddable":true,"href":"https:\/\/dikoweb.de\/index.php?rest_route=%2Fwp%2Fv2%2Ftags&post=5945"}],"curies":[{"name":"wp","href":"https:\/\/api.w.org\/{rel}","templated":true}]}}