{"id":607,"date":"2017-03-30T09:47:49","date_gmt":"2017-03-30T07:47:49","guid":{"rendered":"http:\/\/dikoweb.de\/blog\/?p=607"},"modified":"2024-12-18T22:49:46","modified_gmt":"2024-12-18T22:49:46","slug":"ein-super-live-erlebnis-teresa-bergman-band","status":"publish","type":"post","link":"https:\/\/dikoweb.de\/?p=607","title":{"rendered":"Ein super Live-Erlebnis: Teresa Bergman &#038; Band"},"content":{"rendered":"<div class=\"wp-block-image\">\n<figure class=\"aligncenter size-full\"><img loading=\"lazy\" decoding=\"async\" width=\"709\" height=\"470\" src=\"https:\/\/dikoweb.de\/wp-content\/uploads\/2017\/03\/teresa_bergman_apex1.jpg\" alt=\"\" class=\"wp-image-4012\" srcset=\"https:\/\/dikoweb.de\/wp-content\/uploads\/2017\/03\/teresa_bergman_apex1.jpg 709w, https:\/\/dikoweb.de\/wp-content\/uploads\/2017\/03\/teresa_bergman_apex1-300x199.jpg 300w\" sizes=\"auto, (max-width: 709px) 100vw, 709px\" \/><figcaption class=\"wp-element-caption\">Teresa Bergman im Apex (Foto:zappa:lott)<\/figcaption><\/figure>\n<\/div>\n\n\n<p class=\"wp-block-paragraph\">Vor einiger Zeit durfte ich eine S\u00e4ngerin mit ihrer Band erleben, auf die ich nur per Zufall gesto\u00dfen bin: Teresa Bergman.<\/p>\n\n\n\n<p>Nicht nur ihre Stimme ist au\u00dfergew\u00f6hnlich, auch dass, was sie auf der B\u00fchne bietet. Sehr dem Publikum zugewandt, offen, herzlich und vor allem auch spontan. So hat sie ihre Setlist zur (nur kurzen) \u00dcberraschung ihrer Band mal eben ge\u00e4ndert, &#8222;weil ich das Lied gern jetzt spielen m\u00f6chte&#8220;.\u00a0 Wer die S\u00e4ngerin erlebt, bekommt eine mitrei\u00dfende Performance geboten, die energiegeladen und humorvoll die Zuh\u00f6rer\/innen in ihren Bann zieht. Ihre Musik beinhaltet sowohl Folk und Jazz, als auch Scat oder Soul &#8211; eine gelungene Mixtur in ihren Songs, die von einer \u00fcberragenden Musikalit\u00e4t gepr\u00e4gt sind.<\/p>\n<p>W\u00e4hrend ihres Auftritts legt die geb\u00fcrtige Neuseel\u00e4nderin, die seit einigen Jahren in Berlin lebt, viel Wert auf die Erkl\u00e4rung einiger Songs, die ihr am Herzen liegen. Ihre Lust zu spielen und zu singen, Raum f\u00fcr Improvisationen zu haben, wird auch durch ihre Mitspieler\/in auf der B\u00fchne aufgegriffen. Humor (&#8222;<em>Wie findet ihr mein goldenes Kondom?<\/em>&#8222;) und gute Laune sind dabei inbegriffen, und so wurde der Auftritt im <a title=\"Apex G\u00f6ttingen\" href=\"http:\/\/www.apex-goe.de\/\" target=\"_blank\" rel=\"noopener noreferrer\">G\u00f6ttinger Apex<\/a> mit Frank (&#8222;<em>Du darfst mich Onkel Frank nennen<\/em>&#8222;) Schulze (Bass), Schlagzeuger Manuel und Yasmin Hadisubrata (Keyboard) zu einem tollen Event.<\/p>\n<p>Sehr zu empfehlen!<\/p>\n<p>CD: Bird Of A Feather (<a href=\"http:\/\/www.musszo.com\/artists\/teresa-bergman\/\" target=\"_blank\" rel=\"noopener noreferrer\">Musszo Records<\/a>)<\/p>\n<p>Videos:<br \/><a title=\"Video auf YouTube\" href=\"https:\/\/www.youtube.com\/watch?v=74Vfg1979qM\" target=\"_blank\" rel=\"noopener noreferrer\">Tui sings Blue<\/a> (neue Single)<br \/><a href=\"https:\/\/www.youtube.com\/watch?v=wnREVCWtusQ\" target=\"_blank\" rel=\"noopener noreferrer\">Baby Voice<br \/><\/a><a href=\"https:\/\/www.youtube.com\/watch?v=Sr5EQwJ3I1I\" target=\"_blank\" rel=\"noopener noreferrer\">Me Myself And I<\/a><\/p>\n","protected":false},"excerpt":{"rendered":"<p>Vor einiger Zeit durfte ich eine S\u00e4ngerin mit ihrer Band erleben, auf die ich nur per Zufall gesto\u00dfen bin: Teresa Bergman. Nicht nur ihre Stimme ist au\u00dfergew\u00f6hnlich, auch dass, was sie auf der B\u00fchne bietet. Sehr dem Publikum zugewandt, offen, herzlich und vor allem auch spontan. So hat sie ihre Setlist zur (nur kurzen) \u00dcberraschung [&hellip;]<\/p>\n","protected":false},"author":2,"featured_media":0,"comment_status":"closed","ping_status":"closed","sticky":false,"template":"","format":"standard","meta":{"_crdt_document":"","footnotes":""},"categories":[4],"tags":[212,150,211],"class_list":["post-607","post","type-post","status-publish","format-standard","hentry","category-musik","tag-apex","tag-konzert","tag-teresa-bergman"],"_links":{"self":[{"href":"https:\/\/dikoweb.de\/index.php?rest_route=\/wp\/v2\/posts\/607","targetHints":{"allow":["GET"]}}],"collection":[{"href":"https:\/\/dikoweb.de\/index.php?rest_route=\/wp\/v2\/posts"}],"about":[{"href":"https:\/\/dikoweb.de\/index.php?rest_route=\/wp\/v2\/types\/post"}],"author":[{"embeddable":true,"href":"https:\/\/dikoweb.de\/index.php?rest_route=\/wp\/v2\/users\/2"}],"replies":[{"embeddable":true,"href":"https:\/\/dikoweb.de\/index.php?rest_route=%2Fwp%2Fv2%2Fcomments&post=607"}],"version-history":[{"count":9,"href":"https:\/\/dikoweb.de\/index.php?rest_route=\/wp\/v2\/posts\/607\/revisions"}],"predecessor-version":[{"id":4024,"href":"https:\/\/dikoweb.de\/index.php?rest_route=\/wp\/v2\/posts\/607\/revisions\/4024"}],"wp:attachment":[{"href":"https:\/\/dikoweb.de\/index.php?rest_route=%2Fwp%2Fv2%2Fmedia&parent=607"}],"wp:term":[{"taxonomy":"category","embeddable":true,"href":"https:\/\/dikoweb.de\/index.php?rest_route=%2Fwp%2Fv2%2Fcategories&post=607"},{"taxonomy":"post_tag","embeddable":true,"href":"https:\/\/dikoweb.de\/index.php?rest_route=%2Fwp%2Fv2%2Ftags&post=607"}],"curies":[{"name":"wp","href":"https:\/\/api.w.org\/{rel}","templated":true}]}}