{"id":659,"date":"2017-08-26T13:27:49","date_gmt":"2017-08-26T11:27:49","guid":{"rendered":"http:\/\/dikoweb.de\/blog\/?p=659"},"modified":"2024-12-12T18:33:36","modified_gmt":"2024-12-12T18:33:36","slug":"der-rassist","status":"publish","type":"post","link":"https:\/\/dikoweb.de\/?p=659","title":{"rendered":"Der Rassist"},"content":{"rendered":"\n<p class=\"wp-block-paragraph\">Endlich benennt ihn einmal jemand mit der richtigen Bezeichnung: der Rassist, der Hetzer. Dass das einmal die korrekte Kennzeichnung f\u00fcr einen amerikanischen Pr\u00e4sidenten sein w\u00fcrde, h\u00e4tte wahrscheinlich auch kaum eine\/r je gedacht.<\/p>\n\n\n\n<figure class=\"wp-block-image size-large\"><img loading=\"lazy\" decoding=\"async\" width=\"1024\" height=\"683\" src=\"https:\/\/dikoweb.de\/wp-content\/uploads\/2017\/08\/Trump-the-fascist-1024x683.webp\" alt=\"\" class=\"wp-image-3918\" srcset=\"https:\/\/dikoweb.de\/wp-content\/uploads\/2017\/08\/Trump-the-fascist-1024x683.webp 1024w, https:\/\/dikoweb.de\/wp-content\/uploads\/2017\/08\/Trump-the-fascist-300x200.webp 300w, https:\/\/dikoweb.de\/wp-content\/uploads\/2017\/08\/Trump-the-fascist-768x512.webp 768w, https:\/\/dikoweb.de\/wp-content\/uploads\/2017\/08\/Trump-the-fascist-900x600.webp 900w, https:\/\/dikoweb.de\/wp-content\/uploads\/2017\/08\/Trump-the-fascist.webp 1200w\" sizes=\"auto, (max-width: 1024px) 100vw, 1024px\" \/><\/figure>\n\n\n\n<p class=\"wp-block-paragraph\">Im <a href=\"http:\/\/www.spiegel.de\/spiegel\/donald-trump-der-rassist-im-weissen-haus-a-1163485.html\" target=\"_blank\" rel=\"noopener noreferrer\">SPIEGEL-Leitartikel, Ausgabe 34\/2017<\/a>, findet Klaus Brinkb\u00e4umer die richtigen Worte, die bisher kaum in der deutschen Journaille so treffend wie notwendig gebraucht wurden. Von vielen (ob Politiker oder Journalisten) wird er immer noch verniedlicht oder gar verharmlost. Dabei gibt es offensichtliche Fakten, die genau das belegen: Trump ist ein Rassist.<\/p>\n\n\n\n<p class=\"wp-block-paragraph\">Lesenswert dazu auch der Artikel &#8222;Wer Wut s\u00e4t&#8220; von Christoph Scheuermann in der gleichen SPIEGEL Printausgabe.<\/p>\n","protected":false},"excerpt":{"rendered":"<p>Endlich benennt ihn einmal jemand mit der richtigen Bezeichnung: der Rassist, der Hetzer. Dass das einmal die korrekte Kennzeichnung f\u00fcr einen amerikanischen Pr\u00e4sidenten sein w\u00fcrde, h\u00e4tte wahrscheinlich auch kaum eine\/r je gedacht. Im SPIEGEL-Leitartikel, Ausgabe 34\/2017, findet Klaus Brinkb\u00e4umer die richtigen Worte, die bisher kaum in der deutschen Journaille so treffend wie notwendig gebraucht wurden. [&hellip;]<\/p>\n","protected":false},"author":2,"featured_media":0,"comment_status":"closed","ping_status":"closed","sticky":false,"template":"","format":"standard","meta":{"_crdt_document":"","footnotes":""},"categories":[5],"tags":[108,193,7],"class_list":["post-659","post","type-post","status-publish","format-standard","hentry","category-politik","tag-faschist","tag-rassist","tag-trump"],"_links":{"self":[{"href":"https:\/\/dikoweb.de\/index.php?rest_route=\/wp\/v2\/posts\/659","targetHints":{"allow":["GET"]}}],"collection":[{"href":"https:\/\/dikoweb.de\/index.php?rest_route=\/wp\/v2\/posts"}],"about":[{"href":"https:\/\/dikoweb.de\/index.php?rest_route=\/wp\/v2\/types\/post"}],"author":[{"embeddable":true,"href":"https:\/\/dikoweb.de\/index.php?rest_route=\/wp\/v2\/users\/2"}],"replies":[{"embeddable":true,"href":"https:\/\/dikoweb.de\/index.php?rest_route=%2Fwp%2Fv2%2Fcomments&post=659"}],"version-history":[{"count":1,"href":"https:\/\/dikoweb.de\/index.php?rest_route=\/wp\/v2\/posts\/659\/revisions"}],"predecessor-version":[{"id":3919,"href":"https:\/\/dikoweb.de\/index.php?rest_route=\/wp\/v2\/posts\/659\/revisions\/3919"}],"wp:attachment":[{"href":"https:\/\/dikoweb.de\/index.php?rest_route=%2Fwp%2Fv2%2Fmedia&parent=659"}],"wp:term":[{"taxonomy":"category","embeddable":true,"href":"https:\/\/dikoweb.de\/index.php?rest_route=%2Fwp%2Fv2%2Fcategories&post=659"},{"taxonomy":"post_tag","embeddable":true,"href":"https:\/\/dikoweb.de\/index.php?rest_route=%2Fwp%2Fv2%2Ftags&post=659"}],"curies":[{"name":"wp","href":"https:\/\/api.w.org\/{rel}","templated":true}]}}